{"id":11163,"date":"2023-06-22T07:22:04","date_gmt":"2023-06-22T07:22:04","guid":{"rendered":"https:\/\/brunetarquitectes.com\/ca\/?p=11163"},"modified":"2023-10-09T14:02:08","modified_gmt":"2023-10-09T14:02:08","slug":"reflexionant-sobre-la-casa-agrupada","status":"publish","type":"post","link":"https:\/\/brunetarquitectes.com\/ca\/reflexionant-sobre-la-casa-agrupada\/","title":{"rendered":"Reflexionant sobre la casa agrupada"},"content":{"rendered":"\t\t<div data-elementor-type=\"wp-post\" data-elementor-id=\"11163\" class=\"elementor elementor-11163\">\n\t\t\t\t\t\t<section class=\"elementor-section elementor-top-section elementor-element elementor-element-f394c1d elementor-section-boxed elementor-section-height-default elementor-section-height-default qodef-elementor-content-no qodef-elementor-column-no\" data-id=\"f394c1d\" data-element_type=\"section\" data-e-type=\"section\">\n\t\t\t\t\t\t<div class=\"elementor-container elementor-column-gap-default\">\n\t\t\t\t\t<div class=\"elementor-column elementor-col-100 elementor-top-column elementor-element elementor-element-9b65988\" data-id=\"9b65988\" data-element_type=\"column\" data-e-type=\"column\">\n\t\t\t<div class=\"elementor-widget-wrap elementor-element-populated\">\n\t\t\t\t\t\t<div class=\"elementor-element elementor-element-e4f6bc6 elementor-widget elementor-widget-text-editor\" data-id=\"e4f6bc6\" data-element_type=\"widget\" data-e-type=\"widget\" data-widget_type=\"text-editor.default\">\n\t\t\t\t<div class=\"elementor-widget-container\">\n\t\t\t\t\t\t\t\t\tVos presentam\nuna proposta d\u2019edifici que cerca que els seus habitants es sentin com a seva\nbona part del solar no ocupat per construcci\u00f3 per gaudir m\u00e9s del lloc. Grans\nespais lliures de la comunitat de ve\u00efns, carrers o places interiors comunicats\nque es converteixen en grans patis de llum per les cases. Pret\u00e9n ser un\nexercici de s\u00edntesi del pati i el carrer dels centres hist\u00f2rics, densos, frescs\ni vius. Es pret\u00e9n <b>recuperar el vincle de la casa amb el carrer<\/b>, ent\u00e8s com a\npati-terrassa-pla\u00e7a per a les persones.\nEls principals motius de projecte s\u00f3n:\t\t\t\t\t\t\t\t<\/div>\n\t\t\t\t<\/div>\n\t\t\t\t\t<\/div>\n\t\t<\/div>\n\t\t\t\t\t<\/div>\n\t\t<\/section>\n\t\t\t\t<section class=\"elementor-section elementor-top-section elementor-element elementor-element-f629dee elementor-section-boxed elementor-section-height-default elementor-section-height-default qodef-elementor-content-no qodef-elementor-column-no\" data-id=\"f629dee\" data-element_type=\"section\" data-e-type=\"section\">\n\t\t\t\t\t\t<div class=\"elementor-container elementor-column-gap-default\">\n\t\t\t\t\t<div class=\"elementor-column elementor-col-100 elementor-top-column elementor-element elementor-element-bec04a5\" data-id=\"bec04a5\" data-element_type=\"column\" data-e-type=\"column\">\n\t\t\t<div class=\"elementor-widget-wrap elementor-element-populated\">\n\t\t\t\t\t\t<div class=\"elementor-element elementor-element-737fe75 elementor-widget elementor-widget-text-editor\" data-id=\"737fe75\" data-element_type=\"widget\" data-e-type=\"widget\" data-widget_type=\"text-editor.default\">\n\t\t\t\t<div class=\"elementor-widget-container\">\n\t\t\t\t\t\t\t\t\t<ul><li>Donar una imatge d&#8217;<strong>unitat del conjunt<\/strong> edificat, per sobre de la unitat de casa repetida.<\/li><li>Caracteritzar l&#8217;edifici valorant primer la <strong>qualitat arquitect\u00f2nica<\/strong> i visual del conjunt, criteri que millora directament la qualitat de cada casa per la seva posici\u00f3 i relaci\u00f3 amb el conjunt.<\/li><li><strong>Versatilitat<\/strong> de la proposta de casa, tant en reorganitzaci\u00f3 interna com en tipologia i intercanvi de superf\u00edcie amb els ve\u00efnats, sigui dels costats com de dalt o de baix.<\/li><li>Imatge de <strong>lleugeresa<\/strong>, subtil&#8230; de que la construcci\u00f3 mostra una certa llibertat compositiva, aparentment arbitr\u00e0ria o visceral.<\/li><\/ul>\t\t\t\t\t\t\t\t<\/div>\n\t\t\t\t<\/div>\n\t\t\t\t\t<\/div>\n\t\t<\/div>\n\t\t\t\t\t<\/div>\n\t\t<\/section>\n\t\t\t\t<section class=\"elementor-section elementor-top-section elementor-element elementor-element-3e8d893 elementor-section-boxed elementor-section-height-default elementor-section-height-default qodef-elementor-content-no qodef-elementor-column-no\" data-id=\"3e8d893\" data-element_type=\"section\" data-e-type=\"section\">\n\t\t\t\t\t\t<div class=\"elementor-container elementor-column-gap-default\">\n\t\t\t\t\t<div class=\"elementor-column elementor-col-100 elementor-top-column elementor-element elementor-element-1162142\" data-id=\"1162142\" data-element_type=\"column\" data-e-type=\"column\">\n\t\t\t<div class=\"elementor-widget-wrap elementor-element-populated\">\n\t\t\t\t\t\t<div class=\"elementor-element elementor-element-28d3bf6 elementor-widget elementor-widget-text-editor\" data-id=\"28d3bf6\" data-element_type=\"widget\" data-e-type=\"widget\" data-widget_type=\"text-editor.default\">\n\t\t\t\t<div class=\"elementor-widget-container\">\n\t\t\t\t\t\t\t\t\tPer donar\nforma a l&#8217;edifici s&#8217;ha realitzat l&#8217;estudi d&#8217;un model geom\u00e8tric: Un m\u00f2dul repetit\nde 3.20 x 3.20 x 3.20 m. S&#8217;ha omplert el solar amb aquesta malla geom\u00e8trica tridimensional.\n<b>L&#8217;edifici va prenent forma per addici\u00f3 o extracci\u00f3 de m\u00f2duls constru\u00efts.<\/b> De la mateixa\nmanera, per l&#8217;\u00fas que s&#8217;assigna a cada unitat surten les diferents mides i tipus\nde cases.\t\t\t\t\t\t\t\t<\/div>\n\t\t\t\t<\/div>\n\t\t\t\t\t<\/div>\n\t\t<\/div>\n\t\t\t\t\t<\/div>\n\t\t<\/section>\n\t\t\t\t<\/div>\n\t\t","protected":false},"excerpt":{"rendered":"<p>Vos presentam una proposta d\u2019edifici que cerca que els seus habitants es sentin com a seva bona part del solar no ocupat per construcci\u00f3 per gaudir m\u00e9s del lloc. Grans espais lliures de la comunitat de ve\u00efns, carrers o places interiors comunicats que es converteixen en grans patis de llum per les cases. Pret\u00e9n ser [&hellip;]<\/p>\n","protected":false},"author":1,"featured_media":11165,"comment_status":"closed","ping_status":"closed","sticky":false,"template":"","format":"gallery","meta":{"_acf_changed":false,"nf_dc_page":"","om_disable_all_campaigns":false,"_monsterinsights_skip_tracking":false,"_jetpack_newsletter_access":"","_jetpack_dont_email_post_to_subs":false,"_jetpack_newsletter_tier_id":0,"_jetpack_memberships_contains_paywalled_content":false,"_jetpack_memberships_contains_paid_content":false,"footnotes":""},"categories":[10,1],"tags":[],"class_list":["post-11163","post","type-post","status-publish","format-gallery","has-post-thumbnail","hentry","category-projectes","category-reflexions","post_format-post-format-gallery"],"acf":[],"yoast_head":"<!-- This site is optimized with the Yoast SEO plugin v28.4 - https:\/\/yoast.com\/product\/yoast-seo-wordpress\/ -->\n<title>Reflexionant sobre la casa agrupada - Brunet Arquitectes<\/title>\n<meta name=\"robots\" content=\"index, follow, max-snippet:-1, max-image-preview:large, max-video-preview:-1\" \/>\n<link rel=\"canonical\" href=\"https:\/\/brunetarquitectes.com\/ca\/reflexionant-sobre-la-casa-agrupada\/\" \/>\n<meta property=\"og:locale\" content=\"ca_ES\" \/>\n<meta property=\"og:type\" content=\"article\" \/>\n<meta property=\"og:title\" content=\"Reflexionant sobre la casa agrupada - Brunet Arquitectes\" \/>\n<meta property=\"og:description\" content=\"Vos presentam una proposta d\u2019edifici que cerca que els seus habitants es sentin com a seva bona part del solar no ocupat per construcci\u00f3 per gaudir m\u00e9s del lloc. Grans espais lliures de la comunitat de ve\u00efns, carrers o places interiors comunicats que es converteixen en grans patis de llum per les cases. Pret\u00e9n ser [&hellip;]\" \/>\n<meta property=\"og:url\" content=\"https:\/\/brunetarquitectes.com\/ca\/reflexionant-sobre-la-casa-agrupada\/\" \/>\n<meta property=\"og:site_name\" content=\"Brunet Arquitectes\" \/>\n<meta property=\"article:publisher\" content=\"https:\/\/www.facebook.com\/arquitecturamallorca\" \/>\n<meta property=\"article:published_time\" content=\"2023-06-22T07:22:04+00:00\" \/>\n<meta property=\"article:modified_time\" content=\"2023-10-09T14:02:08+00:00\" \/>\n<meta property=\"og:image\" content=\"https:\/\/brunetarquitectes.com\/ca\/wp-content\/uploads\/sites\/6\/2023\/06\/casa-agrupada.jpg\" \/>\n\t<meta property=\"og:image:width\" content=\"1600\" \/>\n\t<meta property=\"og:image:height\" content=\"637\" \/>\n\t<meta property=\"og:image:type\" content=\"image\/jpeg\" \/>\n<meta name=\"author\" content=\"brunetarquitectes\" \/>\n<meta name=\"twitter:card\" content=\"summary_large_image\" \/>\n<meta name=\"twitter:label1\" content=\"Escrit per\" \/>\n\t<meta name=\"twitter:data1\" content=\"brunetarquitectes\" \/>\n\t<meta name=\"twitter:label2\" content=\"Temps estimat de lectura\" \/>\n\t<meta name=\"twitter:data2\" content=\"2 minuts\" \/>\n<script type=\"application\/ld+json\" class=\"yoast-schema-graph\">{\"@context\":\"https:\\\/\\\/schema.org\",\"@graph\":[{\"@type\":\"Article\",\"@id\":\"https:\\\/\\\/brunetarquitectes.com\\\/ca\\\/reflexionant-sobre-la-casa-agrupada\\\/#article\",\"isPartOf\":{\"@id\":\"https:\\\/\\\/brunetarquitectes.com\\\/ca\\\/reflexionant-sobre-la-casa-agrupada\\\/\"},\"author\":{\"name\":\"brunetarquitectes\",\"@id\":\"https:\\\/\\\/brunetarquitectes.com\\\/ca\\\/#\\\/schema\\\/person\\\/336ca338481eba700fc33c841c216c2a\"},\"headline\":\"Reflexionant sobre la casa agrupada\",\"datePublished\":\"2023-06-22T07:22:04+00:00\",\"dateModified\":\"2023-10-09T14:02:08+00:00\",\"mainEntityOfPage\":{\"@id\":\"https:\\\/\\\/brunetarquitectes.com\\\/ca\\\/reflexionant-sobre-la-casa-agrupada\\\/\"},\"wordCount\":277,\"publisher\":{\"@id\":\"https:\\\/\\\/brunetarquitectes.com\\\/ca\\\/#organization\"},\"image\":{\"@id\":\"https:\\\/\\\/brunetarquitectes.com\\\/ca\\\/reflexionant-sobre-la-casa-agrupada\\\/#primaryimage\"},\"thumbnailUrl\":\"https:\\\/\\\/i0.wp.com\\\/brunetarquitectes.com\\\/ca\\\/wp-content\\\/uploads\\\/sites\\\/6\\\/2023\\\/06\\\/casa-agrupada.jpg?fit=1600%2C637&ssl=1\",\"articleSection\":[\"Projectes\",\"Reflexions\"],\"inLanguage\":\"ca\"},{\"@type\":\"WebPage\",\"@id\":\"https:\\\/\\\/brunetarquitectes.com\\\/ca\\\/reflexionant-sobre-la-casa-agrupada\\\/\",\"url\":\"https:\\\/\\\/brunetarquitectes.com\\\/ca\\\/reflexionant-sobre-la-casa-agrupada\\\/\",\"name\":\"Reflexionant sobre la casa agrupada - Brunet Arquitectes\",\"isPartOf\":{\"@id\":\"https:\\\/\\\/brunetarquitectes.com\\\/ca\\\/#website\"},\"primaryImageOfPage\":{\"@id\":\"https:\\\/\\\/brunetarquitectes.com\\\/ca\\\/reflexionant-sobre-la-casa-agrupada\\\/#primaryimage\"},\"image\":{\"@id\":\"https:\\\/\\\/brunetarquitectes.com\\\/ca\\\/reflexionant-sobre-la-casa-agrupada\\\/#primaryimage\"},\"thumbnailUrl\":\"https:\\\/\\\/i0.wp.com\\\/brunetarquitectes.com\\\/ca\\\/wp-content\\\/uploads\\\/sites\\\/6\\\/2023\\\/06\\\/casa-agrupada.jpg?fit=1600%2C637&ssl=1\",\"datePublished\":\"2023-06-22T07:22:04+00:00\",\"dateModified\":\"2023-10-09T14:02:08+00:00\",\"breadcrumb\":{\"@id\":\"https:\\\/\\\/brunetarquitectes.com\\\/ca\\\/reflexionant-sobre-la-casa-agrupada\\\/#breadcrumb\"},\"inLanguage\":\"ca\",\"potentialAction\":[{\"@type\":\"ReadAction\",\"target\":[\"https:\\\/\\\/brunetarquitectes.com\\\/ca\\\/reflexionant-sobre-la-casa-agrupada\\\/\"]}]},{\"@type\":\"ImageObject\",\"inLanguage\":\"ca\",\"@id\":\"https:\\\/\\\/brunetarquitectes.com\\\/ca\\\/reflexionant-sobre-la-casa-agrupada\\\/#primaryimage\",\"url\":\"https:\\\/\\\/i0.wp.com\\\/brunetarquitectes.com\\\/ca\\\/wp-content\\\/uploads\\\/sites\\\/6\\\/2023\\\/06\\\/casa-agrupada.jpg?fit=1600%2C637&ssl=1\",\"contentUrl\":\"https:\\\/\\\/i0.wp.com\\\/brunetarquitectes.com\\\/ca\\\/wp-content\\\/uploads\\\/sites\\\/6\\\/2023\\\/06\\\/casa-agrupada.jpg?fit=1600%2C637&ssl=1\",\"width\":1600,\"height\":637},{\"@type\":\"BreadcrumbList\",\"@id\":\"https:\\\/\\\/brunetarquitectes.com\\\/ca\\\/reflexionant-sobre-la-casa-agrupada\\\/#breadcrumb\",\"itemListElement\":[{\"@type\":\"ListItem\",\"position\":1,\"name\":\"Home\",\"item\":\"https:\\\/\\\/brunetarquitectes.com\\\/ca\\\/\"},{\"@type\":\"ListItem\",\"position\":2,\"name\":\"Reflexionant sobre la casa agrupada\"}]},{\"@type\":\"WebSite\",\"@id\":\"https:\\\/\\\/brunetarquitectes.com\\\/ca\\\/#website\",\"url\":\"https:\\\/\\\/brunetarquitectes.com\\\/ca\\\/\",\"name\":\"Brunet Arquitectes\",\"description\":\"Brunet Arquitectes\",\"publisher\":{\"@id\":\"https:\\\/\\\/brunetarquitectes.com\\\/ca\\\/#organization\"},\"potentialAction\":[{\"@type\":\"SearchAction\",\"target\":{\"@type\":\"EntryPoint\",\"urlTemplate\":\"https:\\\/\\\/brunetarquitectes.com\\\/ca\\\/?s={search_term_string}\"},\"query-input\":{\"@type\":\"PropertyValueSpecification\",\"valueRequired\":true,\"valueName\":\"search_term_string\"}}],\"inLanguage\":\"ca\"},{\"@type\":\"Organization\",\"@id\":\"https:\\\/\\\/brunetarquitectes.com\\\/ca\\\/#organization\",\"name\":\"Brunet Arquitectes\",\"url\":\"https:\\\/\\\/brunetarquitectes.com\\\/ca\\\/\",\"logo\":{\"@type\":\"ImageObject\",\"inLanguage\":\"ca\",\"@id\":\"https:\\\/\\\/brunetarquitectes.com\\\/ca\\\/#\\\/schema\\\/logo\\\/image\\\/\",\"url\":\"https:\\\/\\\/i0.wp.com\\\/brunetarquitectes.com\\\/ca\\\/wp-content\\\/uploads\\\/sites\\\/6\\\/2023\\\/07\\\/logo-vertical-lloren.png?fit=698%2C112&ssl=1\",\"contentUrl\":\"https:\\\/\\\/i0.wp.com\\\/brunetarquitectes.com\\\/ca\\\/wp-content\\\/uploads\\\/sites\\\/6\\\/2023\\\/07\\\/logo-vertical-lloren.png?fit=698%2C112&ssl=1\",\"width\":698,\"height\":112,\"caption\":\"Brunet Arquitectes\"},\"image\":{\"@id\":\"https:\\\/\\\/brunetarquitectes.com\\\/ca\\\/#\\\/schema\\\/logo\\\/image\\\/\"},\"sameAs\":[\"https:\\\/\\\/www.facebook.com\\\/arquitecturamallorca\",\"https:\\\/\\\/www.instagram.com\\\/brunetarquitectes\\\/\",\"https:\\\/\\\/www.linkedin.com\\\/in\\\/lloren-brunet-45108655\\\/?trk=my-network_member-image\"]},{\"@type\":\"Person\",\"@id\":\"https:\\\/\\\/brunetarquitectes.com\\\/ca\\\/#\\\/schema\\\/person\\\/336ca338481eba700fc33c841c216c2a\",\"name\":\"brunetarquitectes\",\"image\":{\"@type\":\"ImageObject\",\"inLanguage\":\"ca\",\"@id\":\"https:\\\/\\\/secure.gravatar.com\\\/avatar\\\/ed1cc2cb017f3d7303b41c731bc7a86a2db8a68d5776f293a85bb053df313d31?s=96&d=mm&r=g\",\"url\":\"https:\\\/\\\/secure.gravatar.com\\\/avatar\\\/ed1cc2cb017f3d7303b41c731bc7a86a2db8a68d5776f293a85bb053df313d31?s=96&d=mm&r=g\",\"contentUrl\":\"https:\\\/\\\/secure.gravatar.com\\\/avatar\\\/ed1cc2cb017f3d7303b41c731bc7a86a2db8a68d5776f293a85bb053df313d31?s=96&d=mm&r=g\",\"caption\":\"brunetarquitectes\"},\"url\":\"https:\\\/\\\/brunetarquitectes.com\\\/ca\\\/author\\\/brunetarquitectes\\\/\"}]}<\/script>\n<!-- \/ Yoast SEO plugin. -->","yoast_head_json":{"title":"Reflexionant sobre la casa agrupada - Brunet Arquitectes","robots":{"index":"index","follow":"follow","max-snippet":"max-snippet:-1","max-image-preview":"max-image-preview:large","max-video-preview":"max-video-preview:-1"},"canonical":"https:\/\/brunetarquitectes.com\/ca\/reflexionant-sobre-la-casa-agrupada\/","og_locale":"ca_ES","og_type":"article","og_title":"Reflexionant sobre la casa agrupada - Brunet Arquitectes","og_description":"Vos presentam una proposta d\u2019edifici que cerca que els seus habitants es sentin com a seva bona part del solar no ocupat per construcci\u00f3 per gaudir m\u00e9s del lloc. Grans espais lliures de la comunitat de ve\u00efns, carrers o places interiors comunicats que es converteixen en grans patis de llum per les cases. Pret\u00e9n ser [&hellip;]","og_url":"https:\/\/brunetarquitectes.com\/ca\/reflexionant-sobre-la-casa-agrupada\/","og_site_name":"Brunet Arquitectes","article_publisher":"https:\/\/www.facebook.com\/arquitecturamallorca","article_published_time":"2023-06-22T07:22:04+00:00","article_modified_time":"2023-10-09T14:02:08+00:00","og_image":[{"width":1600,"height":637,"url":"https:\/\/brunetarquitectes.com\/ca\/wp-content\/uploads\/sites\/6\/2023\/06\/casa-agrupada.jpg","type":"image\/jpeg"}],"author":"brunetarquitectes","twitter_card":"summary_large_image","twitter_misc":{"Escrit per":"brunetarquitectes","Temps estimat de lectura":"2 minuts"},"schema":{"@context":"https:\/\/schema.org","@graph":[{"@type":"Article","@id":"https:\/\/brunetarquitectes.com\/ca\/reflexionant-sobre-la-casa-agrupada\/#article","isPartOf":{"@id":"https:\/\/brunetarquitectes.com\/ca\/reflexionant-sobre-la-casa-agrupada\/"},"author":{"name":"brunetarquitectes","@id":"https:\/\/brunetarquitectes.com\/ca\/#\/schema\/person\/336ca338481eba700fc33c841c216c2a"},"headline":"Reflexionant sobre la casa agrupada","datePublished":"2023-06-22T07:22:04+00:00","dateModified":"2023-10-09T14:02:08+00:00","mainEntityOfPage":{"@id":"https:\/\/brunetarquitectes.com\/ca\/reflexionant-sobre-la-casa-agrupada\/"},"wordCount":277,"publisher":{"@id":"https:\/\/brunetarquitectes.com\/ca\/#organization"},"image":{"@id":"https:\/\/brunetarquitectes.com\/ca\/reflexionant-sobre-la-casa-agrupada\/#primaryimage"},"thumbnailUrl":"https:\/\/i0.wp.com\/brunetarquitectes.com\/ca\/wp-content\/uploads\/sites\/6\/2023\/06\/casa-agrupada.jpg?fit=1600%2C637&ssl=1","articleSection":["Projectes","Reflexions"],"inLanguage":"ca"},{"@type":"WebPage","@id":"https:\/\/brunetarquitectes.com\/ca\/reflexionant-sobre-la-casa-agrupada\/","url":"https:\/\/brunetarquitectes.com\/ca\/reflexionant-sobre-la-casa-agrupada\/","name":"Reflexionant sobre la casa agrupada - Brunet Arquitectes","isPartOf":{"@id":"https:\/\/brunetarquitectes.com\/ca\/#website"},"primaryImageOfPage":{"@id":"https:\/\/brunetarquitectes.com\/ca\/reflexionant-sobre-la-casa-agrupada\/#primaryimage"},"image":{"@id":"https:\/\/brunetarquitectes.com\/ca\/reflexionant-sobre-la-casa-agrupada\/#primaryimage"},"thumbnailUrl":"https:\/\/i0.wp.com\/brunetarquitectes.com\/ca\/wp-content\/uploads\/sites\/6\/2023\/06\/casa-agrupada.jpg?fit=1600%2C637&ssl=1","datePublished":"2023-06-22T07:22:04+00:00","dateModified":"2023-10-09T14:02:08+00:00","breadcrumb":{"@id":"https:\/\/brunetarquitectes.com\/ca\/reflexionant-sobre-la-casa-agrupada\/#breadcrumb"},"inLanguage":"ca","potentialAction":[{"@type":"ReadAction","target":["https:\/\/brunetarquitectes.com\/ca\/reflexionant-sobre-la-casa-agrupada\/"]}]},{"@type":"ImageObject","inLanguage":"ca","@id":"https:\/\/brunetarquitectes.com\/ca\/reflexionant-sobre-la-casa-agrupada\/#primaryimage","url":"https:\/\/i0.wp.com\/brunetarquitectes.com\/ca\/wp-content\/uploads\/sites\/6\/2023\/06\/casa-agrupada.jpg?fit=1600%2C637&ssl=1","contentUrl":"https:\/\/i0.wp.com\/brunetarquitectes.com\/ca\/wp-content\/uploads\/sites\/6\/2023\/06\/casa-agrupada.jpg?fit=1600%2C637&ssl=1","width":1600,"height":637},{"@type":"BreadcrumbList","@id":"https:\/\/brunetarquitectes.com\/ca\/reflexionant-sobre-la-casa-agrupada\/#breadcrumb","itemListElement":[{"@type":"ListItem","position":1,"name":"Home","item":"https:\/\/brunetarquitectes.com\/ca\/"},{"@type":"ListItem","position":2,"name":"Reflexionant sobre la casa agrupada"}]},{"@type":"WebSite","@id":"https:\/\/brunetarquitectes.com\/ca\/#website","url":"https:\/\/brunetarquitectes.com\/ca\/","name":"Brunet Arquitectes","description":"Brunet Arquitectes","publisher":{"@id":"https:\/\/brunetarquitectes.com\/ca\/#organization"},"potentialAction":[{"@type":"SearchAction","target":{"@type":"EntryPoint","urlTemplate":"https:\/\/brunetarquitectes.com\/ca\/?s={search_term_string}"},"query-input":{"@type":"PropertyValueSpecification","valueRequired":true,"valueName":"search_term_string"}}],"inLanguage":"ca"},{"@type":"Organization","@id":"https:\/\/brunetarquitectes.com\/ca\/#organization","name":"Brunet Arquitectes","url":"https:\/\/brunetarquitectes.com\/ca\/","logo":{"@type":"ImageObject","inLanguage":"ca","@id":"https:\/\/brunetarquitectes.com\/ca\/#\/schema\/logo\/image\/","url":"https:\/\/i0.wp.com\/brunetarquitectes.com\/ca\/wp-content\/uploads\/sites\/6\/2023\/07\/logo-vertical-lloren.png?fit=698%2C112&ssl=1","contentUrl":"https:\/\/i0.wp.com\/brunetarquitectes.com\/ca\/wp-content\/uploads\/sites\/6\/2023\/07\/logo-vertical-lloren.png?fit=698%2C112&ssl=1","width":698,"height":112,"caption":"Brunet Arquitectes"},"image":{"@id":"https:\/\/brunetarquitectes.com\/ca\/#\/schema\/logo\/image\/"},"sameAs":["https:\/\/www.facebook.com\/arquitecturamallorca","https:\/\/www.instagram.com\/brunetarquitectes\/","https:\/\/www.linkedin.com\/in\/lloren-brunet-45108655\/?trk=my-network_member-image"]},{"@type":"Person","@id":"https:\/\/brunetarquitectes.com\/ca\/#\/schema\/person\/336ca338481eba700fc33c841c216c2a","name":"brunetarquitectes","image":{"@type":"ImageObject","inLanguage":"ca","@id":"https:\/\/secure.gravatar.com\/avatar\/ed1cc2cb017f3d7303b41c731bc7a86a2db8a68d5776f293a85bb053df313d31?s=96&d=mm&r=g","url":"https:\/\/secure.gravatar.com\/avatar\/ed1cc2cb017f3d7303b41c731bc7a86a2db8a68d5776f293a85bb053df313d31?s=96&d=mm&r=g","contentUrl":"https:\/\/secure.gravatar.com\/avatar\/ed1cc2cb017f3d7303b41c731bc7a86a2db8a68d5776f293a85bb053df313d31?s=96&d=mm&r=g","caption":"brunetarquitectes"},"url":"https:\/\/brunetarquitectes.com\/ca\/author\/brunetarquitectes\/"}]}},"jetpack-related-posts":[{"id":15841,"url":"https:\/\/brunetarquitectes.com\/ca\/rehabilitacio-dhabitatges-plurifamiliars-a-mallorca-rehabilitar-per-guanyar-llum-valor-i-futur\/","url_meta":{"origin":11163,"position":0},"title":"Rehabilitaci\u00f3 d\u2019habitatges plurifamiliars a Mallorca: rehabilitar per guanyar llum, valor i futur","author":"brunetarquitectes","date":"agost 27, 2026","format":"gallery","excerpt":"Rehabilitar un edifici plurifamiliar a Mallorca: donar una nova vida al que ja existeix Rehabilitar un edifici plurifamiliar \u00e9s molt m\u00e9s que renovar-ne els acabats o modernitzar diversos habitatges. Suposa analitzar una construcci\u00f3 existent, comprendre\u2019n les possibilitats i reorganitzar-la per millorar la vida de les persones que l\u2019habiten, prolongar-ne la\u2026","rel":"","context":"A &quot;Not\u00edcies&quot;","block_context":{"text":"Not\u00edcies","link":"https:\/\/brunetarquitectes.com\/ca\/category\/noticies\/"},"img":{"alt_text":"","src":"https:\/\/i0.wp.com\/brunetarquitectes.com\/ca\/wp-content\/uploads\/sites\/6\/2026\/08\/antoni-maura-03.jpg?fit=1200%2C797&ssl=1&resize=350%2C200","width":350,"height":200,"srcset":"https:\/\/i0.wp.com\/brunetarquitectes.com\/ca\/wp-content\/uploads\/sites\/6\/2026\/08\/antoni-maura-03.jpg?fit=1200%2C797&ssl=1&resize=350%2C200 1x, https:\/\/i0.wp.com\/brunetarquitectes.com\/ca\/wp-content\/uploads\/sites\/6\/2026\/08\/antoni-maura-03.jpg?fit=1200%2C797&ssl=1&resize=525%2C300 1.5x, https:\/\/i0.wp.com\/brunetarquitectes.com\/ca\/wp-content\/uploads\/sites\/6\/2026\/08\/antoni-maura-03.jpg?fit=1200%2C797&ssl=1&resize=700%2C400 2x, https:\/\/i0.wp.com\/brunetarquitectes.com\/ca\/wp-content\/uploads\/sites\/6\/2026\/08\/antoni-maura-03.jpg?fit=1200%2C797&ssl=1&resize=1050%2C600 3x"},"classes":[]},{"id":14696,"url":"https:\/\/brunetarquitectes.com\/ca\/arquitectes-a-mallorca-innovacio-i-tradicio\/","url_meta":{"origin":11163,"position":1},"title":"Arquitectes a Mallorca: Innovaci\u00f3 i Tradici\u00f3","author":"brunetarquitectes","date":"octubre 9, 2024","format":"gallery","excerpt":"Brunet Arquitectes ha estat pioner en la creaci\u00f3 d'espais innovadors i sostenibles a Mallorca, abastant des de viles de luxe fins a projectes d'equipament p\u00fablic. Amb una especialitzaci\u00f3 en construccions d'alta efici\u00e8ncia i cases passives, la signatura ha deixat una petjada distintiva a l'illa, fusionant la modernitat amb el respecte\u2026","rel":"","context":"A &quot;Not\u00edcies&quot;","block_context":{"text":"Not\u00edcies","link":"https:\/\/brunetarquitectes.com\/ca\/category\/noticies\/"},"img":{"alt_text":"","src":"https:\/\/i0.wp.com\/brunetarquitectes.com\/ca\/wp-content\/uploads\/sites\/6\/2024\/10\/p339-01-estudi-previ-05-copia.jpeg?fit=1200%2C761&ssl=1&resize=350%2C200","width":350,"height":200,"srcset":"https:\/\/i0.wp.com\/brunetarquitectes.com\/ca\/wp-content\/uploads\/sites\/6\/2024\/10\/p339-01-estudi-previ-05-copia.jpeg?fit=1200%2C761&ssl=1&resize=350%2C200 1x, https:\/\/i0.wp.com\/brunetarquitectes.com\/ca\/wp-content\/uploads\/sites\/6\/2024\/10\/p339-01-estudi-previ-05-copia.jpeg?fit=1200%2C761&ssl=1&resize=525%2C300 1.5x, https:\/\/i0.wp.com\/brunetarquitectes.com\/ca\/wp-content\/uploads\/sites\/6\/2024\/10\/p339-01-estudi-previ-05-copia.jpeg?fit=1200%2C761&ssl=1&resize=700%2C400 2x, https:\/\/i0.wp.com\/brunetarquitectes.com\/ca\/wp-content\/uploads\/sites\/6\/2024\/10\/p339-01-estudi-previ-05-copia.jpeg?fit=1200%2C761&ssl=1&resize=1050%2C600 3x"},"classes":[]},{"id":15399,"url":"https:\/\/brunetarquitectes.com\/ca\/cotxe-bicicleta-vianant-mallorca\/","url_meta":{"origin":11163,"position":2},"title":"Cotxe, bicicleta, vianant: una presa de partit per Mallorca","author":"brunetarquitectes","date":"novembre 1, 2025","format":"gallery","excerpt":"Visi\u00f3 de Lloren\u00e7 Brunet, arquitecteHo dir\u00e9 sense embuts. La ciutat organitzada per al cotxe al segle XXI no \u00e9s ciutat. A Mallorca portem d\u00e8cades amb carrils que es multipliquen, rotondes com h\u00e8lixs, mitjanes brillants i voreres que separen millor que qualsevol frontera. I, als costats, restes del que un dia\u2026","rel":"","context":"A &quot;Not\u00edcies&quot;","block_context":{"text":"Not\u00edcies","link":"https:\/\/brunetarquitectes.com\/ca\/category\/noticies\/"},"img":{"alt_text":"","src":"https:\/\/i0.wp.com\/brunetarquitectes.com\/ca\/wp-content\/uploads\/sites\/6\/2025\/11\/car-bike-pedestrian-mallorca.jpg?fit=1200%2C800&ssl=1&resize=350%2C200","width":350,"height":200,"srcset":"https:\/\/i0.wp.com\/brunetarquitectes.com\/ca\/wp-content\/uploads\/sites\/6\/2025\/11\/car-bike-pedestrian-mallorca.jpg?fit=1200%2C800&ssl=1&resize=350%2C200 1x, https:\/\/i0.wp.com\/brunetarquitectes.com\/ca\/wp-content\/uploads\/sites\/6\/2025\/11\/car-bike-pedestrian-mallorca.jpg?fit=1200%2C800&ssl=1&resize=525%2C300 1.5x, https:\/\/i0.wp.com\/brunetarquitectes.com\/ca\/wp-content\/uploads\/sites\/6\/2025\/11\/car-bike-pedestrian-mallorca.jpg?fit=1200%2C800&ssl=1&resize=700%2C400 2x, https:\/\/i0.wp.com\/brunetarquitectes.com\/ca\/wp-content\/uploads\/sites\/6\/2025\/11\/car-bike-pedestrian-mallorca.jpg?fit=1200%2C800&ssl=1&resize=1050%2C600 3x"},"classes":[]},{"id":15575,"url":"https:\/\/brunetarquitectes.com\/ca\/arquitectura-que-perdura-els-projectes-mes-representatius-de-2025-entre-paisatge-ciutat-i-metode\/","url_meta":{"origin":11163,"position":3},"title":"Arquitectura que perdura: els projectes m\u00e9s representatius de 2025, entre paisatge, ciutat i m\u00e8tode","author":"brunetarquitectes","date":"gener 21, 2026","format":"gallery","excerpt":"Hi ha anys en qu\u00e8 un estudi no nom\u00e9s lliura projectes, sin\u00f3 que consolida una manera de fer. 2025 ha estat un d\u2019aquests anys per a Brunet Arquitectes: un any en qu\u00e8 l\u2019arquitectura es reconeix per la seva claredat, per la calma amb qu\u00e8 es condueix el proc\u00e9s i per\u2026","rel":"","context":"A &quot;Not\u00edcies&quot;","block_context":{"text":"Not\u00edcies","link":"https:\/\/brunetarquitectes.com\/ca\/category\/noticies\/"},"img":{"alt_text":"","src":"https:\/\/i0.wp.com\/brunetarquitectes.com\/ca\/wp-content\/uploads\/sites\/6\/2026\/01\/Foto-principal-02_AI-scaled.jpg?fit=1200%2C732&ssl=1&resize=350%2C200","width":350,"height":200,"srcset":"https:\/\/i0.wp.com\/brunetarquitectes.com\/ca\/wp-content\/uploads\/sites\/6\/2026\/01\/Foto-principal-02_AI-scaled.jpg?fit=1200%2C732&ssl=1&resize=350%2C200 1x, https:\/\/i0.wp.com\/brunetarquitectes.com\/ca\/wp-content\/uploads\/sites\/6\/2026\/01\/Foto-principal-02_AI-scaled.jpg?fit=1200%2C732&ssl=1&resize=525%2C300 1.5x, https:\/\/i0.wp.com\/brunetarquitectes.com\/ca\/wp-content\/uploads\/sites\/6\/2026\/01\/Foto-principal-02_AI-scaled.jpg?fit=1200%2C732&ssl=1&resize=700%2C400 2x, https:\/\/i0.wp.com\/brunetarquitectes.com\/ca\/wp-content\/uploads\/sites\/6\/2026\/01\/Foto-principal-02_AI-scaled.jpg?fit=1200%2C732&ssl=1&resize=1050%2C600 3x"},"classes":[]},{"id":15569,"url":"https:\/\/brunetarquitectes.com\/ca\/arquitectura-control-i-vendes-per-a-promotors-i-inversors-amb-un-enfocament-clau-en-ma\/","url_meta":{"origin":11163,"position":4},"title":"Arquitectura, control i vendes per a promotors i inversors, amb un enfocament clau en m\u00e0","author":"brunetarquitectes","date":"gener 6, 2026","format":"gallery","excerpt":"Quan un promotor o un inversor decideix activar un solar, no est\u00e0 comprant nom\u00e9s metres quadrats. Est\u00e0 comprant temps, risc i reputaci\u00f3. El projecte correcte pot accelerar llic\u00e8ncies, contenir desviacions, elevar el valor percebut i, sobretot, convertir un producte immobiliari en alguna cosa desitjable per al mercat, per a clients\u2026","rel":"","context":"A &quot;Not\u00edcies&quot;","block_context":{"text":"Not\u00edcies","link":"https:\/\/brunetarquitectes.com\/ca\/category\/noticies\/"},"img":{"alt_text":"","src":"https:\/\/i0.wp.com\/brunetarquitectes.com\/ca\/wp-content\/uploads\/sites\/6\/2026\/02\/arquitectura-promotores-inversores-llave-en-mano.jpg?fit=1200%2C584&ssl=1&resize=350%2C200","width":350,"height":200,"srcset":"https:\/\/i0.wp.com\/brunetarquitectes.com\/ca\/wp-content\/uploads\/sites\/6\/2026\/02\/arquitectura-promotores-inversores-llave-en-mano.jpg?fit=1200%2C584&ssl=1&resize=350%2C200 1x, https:\/\/i0.wp.com\/brunetarquitectes.com\/ca\/wp-content\/uploads\/sites\/6\/2026\/02\/arquitectura-promotores-inversores-llave-en-mano.jpg?fit=1200%2C584&ssl=1&resize=525%2C300 1.5x, https:\/\/i0.wp.com\/brunetarquitectes.com\/ca\/wp-content\/uploads\/sites\/6\/2026\/02\/arquitectura-promotores-inversores-llave-en-mano.jpg?fit=1200%2C584&ssl=1&resize=700%2C400 2x, https:\/\/i0.wp.com\/brunetarquitectes.com\/ca\/wp-content\/uploads\/sites\/6\/2026\/02\/arquitectura-promotores-inversores-llave-en-mano.jpg?fit=1200%2C584&ssl=1&resize=1050%2C600 3x"},"classes":[]},{"id":14858,"url":"https:\/\/brunetarquitectes.com\/ca\/patis-i-espais-amb-caracter-el-valor-diferencial-dels-espais-exteriors-en-els-projectes-de-brunet-arquitectes\/","url_meta":{"origin":11163,"position":5},"title":"Patis i espais amb car\u00e0cter: el valor diferencial dels espais exteriors en els projectes de Brunet Arquitectes\u00a0","author":"brunetarquitectes","date":"gener 23, 2025","format":"gallery","excerpt":"Els patis i zones exteriors s\u00f3n un element essencial en els projectes de Brunet Arquitectes, ja que doten els habitatges d\u2019una identitat pr\u00f2pia i un toc diferenciador que combina est\u00e8tica, funcionalitat i respecte per la tradici\u00f3 constructiva mediterr\u00e0nia. Des del primer esb\u00f3s, l\u2019estudi concep aquests espais com a prolongacions naturals\u2026","rel":"","context":"A &quot;Not\u00edcies&quot;","block_context":{"text":"Not\u00edcies","link":"https:\/\/brunetarquitectes.com\/ca\/category\/noticies\/"},"img":{"alt_text":"","src":"https:\/\/i0.wp.com\/brunetarquitectes.com\/ca\/wp-content\/uploads\/sites\/6\/2025\/01\/patios-in-mallorca-1-scaled.jpg?fit=1200%2C708&ssl=1&resize=350%2C200","width":350,"height":200,"srcset":"https:\/\/i0.wp.com\/brunetarquitectes.com\/ca\/wp-content\/uploads\/sites\/6\/2025\/01\/patios-in-mallorca-1-scaled.jpg?fit=1200%2C708&ssl=1&resize=350%2C200 1x, https:\/\/i0.wp.com\/brunetarquitectes.com\/ca\/wp-content\/uploads\/sites\/6\/2025\/01\/patios-in-mallorca-1-scaled.jpg?fit=1200%2C708&ssl=1&resize=525%2C300 1.5x, https:\/\/i0.wp.com\/brunetarquitectes.com\/ca\/wp-content\/uploads\/sites\/6\/2025\/01\/patios-in-mallorca-1-scaled.jpg?fit=1200%2C708&ssl=1&resize=700%2C400 2x, https:\/\/i0.wp.com\/brunetarquitectes.com\/ca\/wp-content\/uploads\/sites\/6\/2025\/01\/patios-in-mallorca-1-scaled.jpg?fit=1200%2C708&ssl=1&resize=1050%2C600 3x"},"classes":[]}],"jetpack_sharing_enabled":true,"jetpack_featured_media_url":"https:\/\/i0.wp.com\/brunetarquitectes.com\/ca\/wp-content\/uploads\/sites\/6\/2023\/06\/casa-agrupada.jpg?fit=1600%2C637&ssl=1","_links":{"self":[{"href":"https:\/\/brunetarquitectes.com\/ca\/wp-json\/wp\/v2\/posts\/11163","targetHints":{"allow":["GET"]}}],"collection":[{"href":"https:\/\/brunetarquitectes.com\/ca\/wp-json\/wp\/v2\/posts"}],"about":[{"href":"https:\/\/brunetarquitectes.com\/ca\/wp-json\/wp\/v2\/types\/post"}],"author":[{"embeddable":true,"href":"https:\/\/brunetarquitectes.com\/ca\/wp-json\/wp\/v2\/users\/1"}],"replies":[{"embeddable":true,"href":"https:\/\/brunetarquitectes.com\/ca\/wp-json\/wp\/v2\/comments?post=11163"}],"version-history":[{"count":5,"href":"https:\/\/brunetarquitectes.com\/ca\/wp-json\/wp\/v2\/posts\/11163\/revisions"}],"predecessor-version":[{"id":13102,"href":"https:\/\/brunetarquitectes.com\/ca\/wp-json\/wp\/v2\/posts\/11163\/revisions\/13102"}],"wp:featuredmedia":[{"embeddable":true,"href":"https:\/\/brunetarquitectes.com\/ca\/wp-json\/wp\/v2\/media\/11165"}],"wp:attachment":[{"href":"https:\/\/brunetarquitectes.com\/ca\/wp-json\/wp\/v2\/media?parent=11163"}],"wp:term":[{"taxonomy":"category","embeddable":true,"href":"https:\/\/brunetarquitectes.com\/ca\/wp-json\/wp\/v2\/categories?post=11163"},{"taxonomy":"post_tag","embeddable":true,"href":"https:\/\/brunetarquitectes.com\/ca\/wp-json\/wp\/v2\/tags?post=11163"}],"curies":[{"name":"wp","href":"https:\/\/api.w.org\/{rel}","templated":true}]}}