{"id":12283,"date":"2018-12-16T15:18:20","date_gmt":"2018-12-16T15:18:20","guid":{"rendered":"https:\/\/brunetarquitectes.com\/de\/?p=12283"},"modified":"2023-10-24T12:02:00","modified_gmt":"2023-10-24T12:02:00","slug":"ein-veranstaltungsort-mediterranen-stil","status":"publish","type":"post","link":"https:\/\/brunetarquitectes.com\/de\/ein-veranstaltungsort-mediterranen-stil\/","title":{"rendered":"Ein Veranstaltungsort im mediterranen Stil"},"content":{"rendered":"\n<figure class=\"wp-block-gallery has-nested-images columns-default is-cropped wp-block-gallery-1 is-layout-flex wp-block-gallery-is-layout-flex\"><\/figure>\n\n\n\n<h2 class=\"wp-block-heading has-medium-font-size\">DAS B\u00dcRO BRUNET ARQUITECTES IST F\u00dcR DIE RENOVIERUNG DIESES FRISEURSALONS IN MANACOR VERANTWORTLICH, EINE RENOVIERUNG, DIE EINE EIGENE PHILOSOPHIE VERMITTELT<\/h2>\n\n\n\n<div class=\"wp-block-qi-blocks-spacer qodef-block-container qodef-block-940e6c2f\"><div class=\"qi-block-spacer qodef-block qodef-m\"><\/div><\/div>\n\n\n\n<p class=\"wp-block-paragraph\">Diario de Mallorca<br>La Almudaina<br>SONNTAG, 16. DEZEMBER 2018<\/p>\n\n\n\n<p class=\"wp-block-paragraph\"><a href=\"https:\/\/brunetarquitectes.com\/de\/wp-content\/uploads\/sites\/7\/2023\/07\/2018-12-16_ALMUDAINA_ixent.jpg\" target=\"_blank\" rel=\"noreferrer noopener\">&#8211; Download der Publikation&nbsp;<\/a><\/p>\n","protected":false},"excerpt":{"rendered":"<p>DAS B\u00dcRO BRUNET ARQUITECTES IST F\u00dcR DIE RENOVIERUNG DIESES FRISEURSALONS IN MANACOR VERANTWORTLICH, EINE RENOVIERUNG, DIE EINE EIGENE PHILOSOPHIE VERMITTELT Diario de MallorcaLa AlmudainaSONNTAG, 16. DEZEMBER 2018 &#8211; Download der Publikation&nbsp;<\/p>\n","protected":false},"author":1,"featured_media":12284,"comment_status":"closed","ping_status":"open","sticky":false,"template":"","format":"gallery","meta":{"_acf_changed":false,"nf_dc_page":"","om_disable_all_campaigns":false,"_monsterinsights_skip_tracking":false,"_jetpack_newsletter_access":"","_jetpack_dont_email_post_to_subs":false,"_jetpack_newsletter_tier_id":0,"_jetpack_memberships_contains_paywalled_content":false,"_jetpack_memberships_contains_paid_content":false,"footnotes":""},"categories":[89],"tags":[],"class_list":["post-12283","post","type-post","status-publish","format-gallery","has-post-thumbnail","hentry","category-publikationen","post_format-post-format-gallery"],"acf":[],"yoast_head":"<!-- This site is optimized with the Yoast SEO plugin v28.4 - https:\/\/yoast.com\/product\/yoast-seo-wordpress\/ -->\n<title>Ein Veranstaltungsort im mediterranen Stil - Brunet Arquitectes<\/title>\n<meta name=\"robots\" content=\"index, follow, max-snippet:-1, max-image-preview:large, max-video-preview:-1\" \/>\n<link rel=\"canonical\" href=\"https:\/\/brunetarquitectes.com\/de\/ein-veranstaltungsort-mediterranen-stil\/\" \/>\n<meta property=\"og:locale\" content=\"de_DE\" \/>\n<meta property=\"og:type\" content=\"article\" \/>\n<meta property=\"og:title\" content=\"Ein Veranstaltungsort im mediterranen Stil - Brunet Arquitectes\" \/>\n<meta property=\"og:description\" content=\"DAS B\u00dcRO BRUNET ARQUITECTES IST F\u00dcR DIE RENOVIERUNG DIESES FRISEURSALONS IN MANACOR VERANTWORTLICH, EINE RENOVIERUNG, DIE EINE EIGENE PHILOSOPHIE VERMITTELT Diario de MallorcaLa AlmudainaSONNTAG, 16. DEZEMBER 2018 &#8211; Download der Publikation&nbsp;\" \/>\n<meta property=\"og:url\" content=\"https:\/\/brunetarquitectes.com\/de\/ein-veranstaltungsort-mediterranen-stil\/\" \/>\n<meta property=\"og:site_name\" content=\"Brunet Arquitectes\" \/>\n<meta property=\"article:published_time\" content=\"2018-12-16T15:18:20+00:00\" \/>\n<meta property=\"article:modified_time\" content=\"2023-10-24T12:02:00+00:00\" \/>\n<meta property=\"og:image\" content=\"https:\/\/brunetarquitectes.com\/de\/wp-content\/uploads\/sites\/7\/2023\/07\/2018-12-16_ALMUDAINA_ixent.jpg\" \/>\n\t<meta property=\"og:image:width\" content=\"1600\" \/>\n\t<meta property=\"og:image:height\" content=\"1033\" \/>\n\t<meta property=\"og:image:type\" content=\"image\/jpeg\" \/>\n<meta name=\"author\" content=\"brunetarquitectes\" \/>\n<meta name=\"twitter:card\" content=\"summary_large_image\" \/>\n<meta name=\"twitter:label1\" content=\"Verfasst von\" \/>\n\t<meta name=\"twitter:data1\" content=\"brunetarquitectes\" \/>\n\t<meta name=\"twitter:label2\" content=\"Gesch\u00e4tzte Lesezeit\" \/>\n\t<meta name=\"twitter:data2\" content=\"1\u00a0Minute\" \/>\n<script type=\"application\/ld+json\" class=\"yoast-schema-graph\">{\"@context\":\"https:\\\/\\\/schema.org\",\"@graph\":[{\"@type\":\"Article\",\"@id\":\"https:\\\/\\\/brunetarquitectes.com\\\/de\\\/ein-veranstaltungsort-mediterranen-stil\\\/#article\",\"isPartOf\":{\"@id\":\"https:\\\/\\\/brunetarquitectes.com\\\/de\\\/ein-veranstaltungsort-mediterranen-stil\\\/\"},\"author\":{\"name\":\"brunetarquitectes\",\"@id\":\"https:\\\/\\\/brunetarquitectes.com\\\/de\\\/#\\\/schema\\\/person\\\/336ca338481eba700fc33c841c216c2a\"},\"headline\":\"Ein Veranstaltungsort im mediterranen Stil\",\"datePublished\":\"2018-12-16T15:18:20+00:00\",\"dateModified\":\"2023-10-24T12:02:00+00:00\",\"mainEntityOfPage\":{\"@id\":\"https:\\\/\\\/brunetarquitectes.com\\\/de\\\/ein-veranstaltungsort-mediterranen-stil\\\/\"},\"wordCount\":37,\"image\":{\"@id\":\"https:\\\/\\\/brunetarquitectes.com\\\/de\\\/ein-veranstaltungsort-mediterranen-stil\\\/#primaryimage\"},\"thumbnailUrl\":\"https:\\\/\\\/i0.wp.com\\\/brunetarquitectes.com\\\/de\\\/wp-content\\\/uploads\\\/sites\\\/7\\\/2023\\\/07\\\/2018-12-16_ALMUDAINA_ixent.jpg?fit=1600%2C1033&ssl=1\",\"articleSection\":[\"Publikationen\"],\"inLanguage\":\"de\"},{\"@type\":\"WebPage\",\"@id\":\"https:\\\/\\\/brunetarquitectes.com\\\/de\\\/ein-veranstaltungsort-mediterranen-stil\\\/\",\"url\":\"https:\\\/\\\/brunetarquitectes.com\\\/de\\\/ein-veranstaltungsort-mediterranen-stil\\\/\",\"name\":\"Ein Veranstaltungsort im mediterranen Stil - Brunet Arquitectes\",\"isPartOf\":{\"@id\":\"https:\\\/\\\/brunetarquitectes.com\\\/de\\\/#website\"},\"primaryImageOfPage\":{\"@id\":\"https:\\\/\\\/brunetarquitectes.com\\\/de\\\/ein-veranstaltungsort-mediterranen-stil\\\/#primaryimage\"},\"image\":{\"@id\":\"https:\\\/\\\/brunetarquitectes.com\\\/de\\\/ein-veranstaltungsort-mediterranen-stil\\\/#primaryimage\"},\"thumbnailUrl\":\"https:\\\/\\\/i0.wp.com\\\/brunetarquitectes.com\\\/de\\\/wp-content\\\/uploads\\\/sites\\\/7\\\/2023\\\/07\\\/2018-12-16_ALMUDAINA_ixent.jpg?fit=1600%2C1033&ssl=1\",\"datePublished\":\"2018-12-16T15:18:20+00:00\",\"dateModified\":\"2023-10-24T12:02:00+00:00\",\"author\":{\"@id\":\"https:\\\/\\\/brunetarquitectes.com\\\/de\\\/#\\\/schema\\\/person\\\/336ca338481eba700fc33c841c216c2a\"},\"breadcrumb\":{\"@id\":\"https:\\\/\\\/brunetarquitectes.com\\\/de\\\/ein-veranstaltungsort-mediterranen-stil\\\/#breadcrumb\"},\"inLanguage\":\"de\",\"potentialAction\":[{\"@type\":\"ReadAction\",\"target\":[\"https:\\\/\\\/brunetarquitectes.com\\\/de\\\/ein-veranstaltungsort-mediterranen-stil\\\/\"]}]},{\"@type\":\"ImageObject\",\"inLanguage\":\"de\",\"@id\":\"https:\\\/\\\/brunetarquitectes.com\\\/de\\\/ein-veranstaltungsort-mediterranen-stil\\\/#primaryimage\",\"url\":\"https:\\\/\\\/i0.wp.com\\\/brunetarquitectes.com\\\/de\\\/wp-content\\\/uploads\\\/sites\\\/7\\\/2023\\\/07\\\/2018-12-16_ALMUDAINA_ixent.jpg?fit=1600%2C1033&ssl=1\",\"contentUrl\":\"https:\\\/\\\/i0.wp.com\\\/brunetarquitectes.com\\\/de\\\/wp-content\\\/uploads\\\/sites\\\/7\\\/2023\\\/07\\\/2018-12-16_ALMUDAINA_ixent.jpg?fit=1600%2C1033&ssl=1\",\"width\":1600,\"height\":1033},{\"@type\":\"BreadcrumbList\",\"@id\":\"https:\\\/\\\/brunetarquitectes.com\\\/de\\\/ein-veranstaltungsort-mediterranen-stil\\\/#breadcrumb\",\"itemListElement\":[{\"@type\":\"ListItem\",\"position\":1,\"name\":\"Home\",\"item\":\"https:\\\/\\\/brunetarquitectes.com\\\/de\\\/\"},{\"@type\":\"ListItem\",\"position\":2,\"name\":\"Ein Veranstaltungsort im mediterranen Stil\"}]},{\"@type\":\"WebSite\",\"@id\":\"https:\\\/\\\/brunetarquitectes.com\\\/de\\\/#website\",\"url\":\"https:\\\/\\\/brunetarquitectes.com\\\/de\\\/\",\"name\":\"Brunet Arquitectes\",\"description\":\"Brunet Arquitectes\",\"potentialAction\":[{\"@type\":\"SearchAction\",\"target\":{\"@type\":\"EntryPoint\",\"urlTemplate\":\"https:\\\/\\\/brunetarquitectes.com\\\/de\\\/?s={search_term_string}\"},\"query-input\":{\"@type\":\"PropertyValueSpecification\",\"valueRequired\":true,\"valueName\":\"search_term_string\"}}],\"inLanguage\":\"de\"},{\"@type\":\"Person\",\"@id\":\"https:\\\/\\\/brunetarquitectes.com\\\/de\\\/#\\\/schema\\\/person\\\/336ca338481eba700fc33c841c216c2a\",\"name\":\"brunetarquitectes\",\"image\":{\"@type\":\"ImageObject\",\"inLanguage\":\"de\",\"@id\":\"https:\\\/\\\/secure.gravatar.com\\\/avatar\\\/ed1cc2cb017f3d7303b41c731bc7a86a2db8a68d5776f293a85bb053df313d31?s=96&d=mm&r=g\",\"url\":\"https:\\\/\\\/secure.gravatar.com\\\/avatar\\\/ed1cc2cb017f3d7303b41c731bc7a86a2db8a68d5776f293a85bb053df313d31?s=96&d=mm&r=g\",\"contentUrl\":\"https:\\\/\\\/secure.gravatar.com\\\/avatar\\\/ed1cc2cb017f3d7303b41c731bc7a86a2db8a68d5776f293a85bb053df313d31?s=96&d=mm&r=g\",\"caption\":\"brunetarquitectes\"},\"url\":\"https:\\\/\\\/brunetarquitectes.com\\\/de\\\/author\\\/brunetarquitectes\\\/\"}]}<\/script>\n<!-- \/ Yoast SEO plugin. -->","yoast_head_json":{"title":"Ein Veranstaltungsort im mediterranen Stil - Brunet Arquitectes","robots":{"index":"index","follow":"follow","max-snippet":"max-snippet:-1","max-image-preview":"max-image-preview:large","max-video-preview":"max-video-preview:-1"},"canonical":"https:\/\/brunetarquitectes.com\/de\/ein-veranstaltungsort-mediterranen-stil\/","og_locale":"de_DE","og_type":"article","og_title":"Ein Veranstaltungsort im mediterranen Stil - Brunet Arquitectes","og_description":"DAS B\u00dcRO BRUNET ARQUITECTES IST F\u00dcR DIE RENOVIERUNG DIESES FRISEURSALONS IN MANACOR VERANTWORTLICH, EINE RENOVIERUNG, DIE EINE EIGENE PHILOSOPHIE VERMITTELT Diario de MallorcaLa AlmudainaSONNTAG, 16. DEZEMBER 2018 &#8211; Download der Publikation&nbsp;","og_url":"https:\/\/brunetarquitectes.com\/de\/ein-veranstaltungsort-mediterranen-stil\/","og_site_name":"Brunet Arquitectes","article_published_time":"2018-12-16T15:18:20+00:00","article_modified_time":"2023-10-24T12:02:00+00:00","og_image":[{"width":1600,"height":1033,"url":"https:\/\/brunetarquitectes.com\/de\/wp-content\/uploads\/sites\/7\/2023\/07\/2018-12-16_ALMUDAINA_ixent.jpg","type":"image\/jpeg"}],"author":"brunetarquitectes","twitter_card":"summary_large_image","twitter_misc":{"Verfasst von":"brunetarquitectes","Gesch\u00e4tzte Lesezeit":"1\u00a0Minute"},"schema":{"@context":"https:\/\/schema.org","@graph":[{"@type":"Article","@id":"https:\/\/brunetarquitectes.com\/de\/ein-veranstaltungsort-mediterranen-stil\/#article","isPartOf":{"@id":"https:\/\/brunetarquitectes.com\/de\/ein-veranstaltungsort-mediterranen-stil\/"},"author":{"name":"brunetarquitectes","@id":"https:\/\/brunetarquitectes.com\/de\/#\/schema\/person\/336ca338481eba700fc33c841c216c2a"},"headline":"Ein Veranstaltungsort im mediterranen Stil","datePublished":"2018-12-16T15:18:20+00:00","dateModified":"2023-10-24T12:02:00+00:00","mainEntityOfPage":{"@id":"https:\/\/brunetarquitectes.com\/de\/ein-veranstaltungsort-mediterranen-stil\/"},"wordCount":37,"image":{"@id":"https:\/\/brunetarquitectes.com\/de\/ein-veranstaltungsort-mediterranen-stil\/#primaryimage"},"thumbnailUrl":"https:\/\/i0.wp.com\/brunetarquitectes.com\/de\/wp-content\/uploads\/sites\/7\/2023\/07\/2018-12-16_ALMUDAINA_ixent.jpg?fit=1600%2C1033&ssl=1","articleSection":["Publikationen"],"inLanguage":"de"},{"@type":"WebPage","@id":"https:\/\/brunetarquitectes.com\/de\/ein-veranstaltungsort-mediterranen-stil\/","url":"https:\/\/brunetarquitectes.com\/de\/ein-veranstaltungsort-mediterranen-stil\/","name":"Ein Veranstaltungsort im mediterranen Stil - Brunet Arquitectes","isPartOf":{"@id":"https:\/\/brunetarquitectes.com\/de\/#website"},"primaryImageOfPage":{"@id":"https:\/\/brunetarquitectes.com\/de\/ein-veranstaltungsort-mediterranen-stil\/#primaryimage"},"image":{"@id":"https:\/\/brunetarquitectes.com\/de\/ein-veranstaltungsort-mediterranen-stil\/#primaryimage"},"thumbnailUrl":"https:\/\/i0.wp.com\/brunetarquitectes.com\/de\/wp-content\/uploads\/sites\/7\/2023\/07\/2018-12-16_ALMUDAINA_ixent.jpg?fit=1600%2C1033&ssl=1","datePublished":"2018-12-16T15:18:20+00:00","dateModified":"2023-10-24T12:02:00+00:00","author":{"@id":"https:\/\/brunetarquitectes.com\/de\/#\/schema\/person\/336ca338481eba700fc33c841c216c2a"},"breadcrumb":{"@id":"https:\/\/brunetarquitectes.com\/de\/ein-veranstaltungsort-mediterranen-stil\/#breadcrumb"},"inLanguage":"de","potentialAction":[{"@type":"ReadAction","target":["https:\/\/brunetarquitectes.com\/de\/ein-veranstaltungsort-mediterranen-stil\/"]}]},{"@type":"ImageObject","inLanguage":"de","@id":"https:\/\/brunetarquitectes.com\/de\/ein-veranstaltungsort-mediterranen-stil\/#primaryimage","url":"https:\/\/i0.wp.com\/brunetarquitectes.com\/de\/wp-content\/uploads\/sites\/7\/2023\/07\/2018-12-16_ALMUDAINA_ixent.jpg?fit=1600%2C1033&ssl=1","contentUrl":"https:\/\/i0.wp.com\/brunetarquitectes.com\/de\/wp-content\/uploads\/sites\/7\/2023\/07\/2018-12-16_ALMUDAINA_ixent.jpg?fit=1600%2C1033&ssl=1","width":1600,"height":1033},{"@type":"BreadcrumbList","@id":"https:\/\/brunetarquitectes.com\/de\/ein-veranstaltungsort-mediterranen-stil\/#breadcrumb","itemListElement":[{"@type":"ListItem","position":1,"name":"Home","item":"https:\/\/brunetarquitectes.com\/de\/"},{"@type":"ListItem","position":2,"name":"Ein Veranstaltungsort im mediterranen Stil"}]},{"@type":"WebSite","@id":"https:\/\/brunetarquitectes.com\/de\/#website","url":"https:\/\/brunetarquitectes.com\/de\/","name":"Brunet Arquitectes","description":"Brunet Arquitectes","potentialAction":[{"@type":"SearchAction","target":{"@type":"EntryPoint","urlTemplate":"https:\/\/brunetarquitectes.com\/de\/?s={search_term_string}"},"query-input":{"@type":"PropertyValueSpecification","valueRequired":true,"valueName":"search_term_string"}}],"inLanguage":"de"},{"@type":"Person","@id":"https:\/\/brunetarquitectes.com\/de\/#\/schema\/person\/336ca338481eba700fc33c841c216c2a","name":"brunetarquitectes","image":{"@type":"ImageObject","inLanguage":"de","@id":"https:\/\/secure.gravatar.com\/avatar\/ed1cc2cb017f3d7303b41c731bc7a86a2db8a68d5776f293a85bb053df313d31?s=96&d=mm&r=g","url":"https:\/\/secure.gravatar.com\/avatar\/ed1cc2cb017f3d7303b41c731bc7a86a2db8a68d5776f293a85bb053df313d31?s=96&d=mm&r=g","contentUrl":"https:\/\/secure.gravatar.com\/avatar\/ed1cc2cb017f3d7303b41c731bc7a86a2db8a68d5776f293a85bb053df313d31?s=96&d=mm&r=g","caption":"brunetarquitectes"},"url":"https:\/\/brunetarquitectes.com\/de\/author\/brunetarquitectes\/"}]}},"jetpack-related-posts":[{"id":14577,"url":"https:\/\/brunetarquitectes.com\/de\/in-einer-suite-wohnen\/","url_meta":{"origin":12283,"position":0},"title":"In einer Suite wohnen","author":"brunetarquitectes","date":"Februar 16, 2020","format":false,"excerpt":"Leben wie in einer Luxus-Suite ist in diesem Interior-Design-Projekt zur Renovierung von vier identischen Apartments m\u00f6glich. Die Modernisierung, die stark von den Abmessungen der Studios beeinflusst wurde, ber\u00fccksichtigte vor allem zwei Handlungsachsen: die flie\u00dfende Beziehung zwischen den verschiedenen R\u00e4umen der Wohnungen sowie die Pr\u00e4senz von nat\u00fcrlichem Licht in allen Bereichen.\u2026","rel":"","context":"In &quot;Publikationen&quot;","block_context":{"text":"Publikationen","link":"https:\/\/brunetarquitectes.com\/de\/category\/publikationen\/"},"img":{"alt_text":"","src":"https:\/\/i0.wp.com\/brunetarquitectes.com\/de\/wp-content\/uploads\/sites\/7\/2024\/02\/2020-01-16_ALMUDAINA_palau-scaled.jpg?fit=918%2C1200&ssl=1&resize=350%2C200","width":350,"height":200,"srcset":"https:\/\/i0.wp.com\/brunetarquitectes.com\/de\/wp-content\/uploads\/sites\/7\/2024\/02\/2020-01-16_ALMUDAINA_palau-scaled.jpg?fit=918%2C1200&ssl=1&resize=350%2C200 1x, https:\/\/i0.wp.com\/brunetarquitectes.com\/de\/wp-content\/uploads\/sites\/7\/2024\/02\/2020-01-16_ALMUDAINA_palau-scaled.jpg?fit=918%2C1200&ssl=1&resize=525%2C300 1.5x, https:\/\/i0.wp.com\/brunetarquitectes.com\/de\/wp-content\/uploads\/sites\/7\/2024\/02\/2020-01-16_ALMUDAINA_palau-scaled.jpg?fit=918%2C1200&ssl=1&resize=700%2C400 2x"},"classes":[]},{"id":15304,"url":"https:\/\/brunetarquitectes.com\/de\/reformen-auf-mallorca-mit-mehrwert-wie-man-ein-einfamilienhaus-transformiert-und-den-wert-einer-immobilie-steigert\/","url_meta":{"origin":12283,"position":1},"title":"Reformen auf Mallorca mit Mehrwert: Wie man ein Einfamilienhaus transformiert und den Wert einer Immobilie steigert","author":"brunetarquitectes","date":"Juni 23, 2026","format":"gallery","excerpt":"Ein Haus auf Mallorca zu renovieren bedeutet weit mehr, als lediglich R\u00e4ume zu modernisieren. Es bedeutet, die Essenz eines Hauses wiederzuentdecken, es an neue Lebensweisen anzupassen und in eine wertvollere, komfortablere und nachhaltigere Immobilie zu verwandeln. Auf Mallorca kann eine durchdachte Renovierung das Leben eines Hauses grundlegend ver\u00e4ndern. Nicht nur\u2026","rel":"","context":"In &quot;Nachrichten&quot;","block_context":{"text":"Nachrichten","link":"https:\/\/brunetarquitectes.com\/de\/category\/nachrichten\/"},"img":{"alt_text":"","src":"https:\/\/i0.wp.com\/brunetarquitectes.com\/de\/wp-content\/uploads\/sites\/7\/2026\/06\/renovations-in-mallorca.jpg?fit=1200%2C800&ssl=1&resize=350%2C200","width":350,"height":200,"srcset":"https:\/\/i0.wp.com\/brunetarquitectes.com\/de\/wp-content\/uploads\/sites\/7\/2026\/06\/renovations-in-mallorca.jpg?fit=1200%2C800&ssl=1&resize=350%2C200 1x, https:\/\/i0.wp.com\/brunetarquitectes.com\/de\/wp-content\/uploads\/sites\/7\/2026\/06\/renovations-in-mallorca.jpg?fit=1200%2C800&ssl=1&resize=525%2C300 1.5x, https:\/\/i0.wp.com\/brunetarquitectes.com\/de\/wp-content\/uploads\/sites\/7\/2026\/06\/renovations-in-mallorca.jpg?fit=1200%2C800&ssl=1&resize=700%2C400 2x, https:\/\/i0.wp.com\/brunetarquitectes.com\/de\/wp-content\/uploads\/sites\/7\/2026\/06\/renovations-in-mallorca.jpg?fit=1200%2C800&ssl=1&resize=1050%2C600 3x"},"classes":[]},{"id":13395,"url":"https:\/\/brunetarquitectes.com\/de\/perfektes-recycling-fur-eine-zeit-des-wandels\/","url_meta":{"origin":12283,"position":2},"title":"Perfektes Recycling f\u00fcr eine Zeit des Wandels","author":"brunetarquitectes","date":"Januar 10, 2024","format":false,"excerpt":"Eine von Brunet i Associats renovierte ehemalige Schreinerei, die sich ein Haus mit der Werkstatt teilte, wurde in ein Ausbildungszentrum umgewandelt. Diario de Mallorca\u00a0\u00a0La AlmudainaSONNTAG, 17 APRIL 2016 - Download der Publikation","rel":"","context":"In &quot;Publikationen&quot;","block_context":{"text":"Publikationen","link":"https:\/\/brunetarquitectes.com\/de\/category\/publikationen\/"},"img":{"alt_text":"","src":"https:\/\/i0.wp.com\/brunetarquitectes.com\/de\/wp-content\/uploads\/sites\/7\/2024\/01\/reforma_laboratori22.jpg?fit=1200%2C874&ssl=1&resize=350%2C200","width":350,"height":200,"srcset":"https:\/\/i0.wp.com\/brunetarquitectes.com\/de\/wp-content\/uploads\/sites\/7\/2024\/01\/reforma_laboratori22.jpg?fit=1200%2C874&ssl=1&resize=350%2C200 1x, https:\/\/i0.wp.com\/brunetarquitectes.com\/de\/wp-content\/uploads\/sites\/7\/2024\/01\/reforma_laboratori22.jpg?fit=1200%2C874&ssl=1&resize=525%2C300 1.5x, https:\/\/i0.wp.com\/brunetarquitectes.com\/de\/wp-content\/uploads\/sites\/7\/2024\/01\/reforma_laboratori22.jpg?fit=1200%2C874&ssl=1&resize=700%2C400 2x, https:\/\/i0.wp.com\/brunetarquitectes.com\/de\/wp-content\/uploads\/sites\/7\/2024\/01\/reforma_laboratori22.jpg?fit=1200%2C874&ssl=1&resize=1050%2C600 3x"},"classes":[]},{"id":13661,"url":"https:\/\/brunetarquitectes.com\/de\/wiedergeboren-schonheit-restaurierung-can-puerto\/","url_meta":{"origin":12283,"position":3},"title":"Wiedergeboren in Sch\u00f6nheit: Die Restaurierung von Can Puerto durch Brunet Arquitectes","author":"brunetarquitectes","date":"Februar 23, 2024","format":false,"excerpt":"Die Entdeckung der Sch\u00f6nheit und der Geschichte der Reformation von Brunet Arquitectes Im Herzen des historischen Zentrums von Manacor erhebt sich majest\u00e4tisch das Geb\u00e4ude \"Can Puerto\", ein architektonisches Juwel, das die Entwicklung der Stadt im Laufe der Jahrhunderte miterlebt hat. Dieses klassizistische Barockhaus, dessen Geschichte bis ins Jahr 1916 zur\u00fcckreicht,\u2026","rel":"","context":"In &quot;Nachrichten&quot;","block_context":{"text":"Nachrichten","link":"https:\/\/brunetarquitectes.com\/de\/category\/nachrichten\/"},"img":{"alt_text":"","src":"https:\/\/i0.wp.com\/brunetarquitectes.com\/de\/wp-content\/uploads\/sites\/7\/2024\/02\/restauracion-can-puerto.jpg?fit=1200%2C677&ssl=1&resize=350%2C200","width":350,"height":200,"srcset":"https:\/\/i0.wp.com\/brunetarquitectes.com\/de\/wp-content\/uploads\/sites\/7\/2024\/02\/restauracion-can-puerto.jpg?fit=1200%2C677&ssl=1&resize=350%2C200 1x, https:\/\/i0.wp.com\/brunetarquitectes.com\/de\/wp-content\/uploads\/sites\/7\/2024\/02\/restauracion-can-puerto.jpg?fit=1200%2C677&ssl=1&resize=525%2C300 1.5x, https:\/\/i0.wp.com\/brunetarquitectes.com\/de\/wp-content\/uploads\/sites\/7\/2024\/02\/restauracion-can-puerto.jpg?fit=1200%2C677&ssl=1&resize=700%2C400 2x, https:\/\/i0.wp.com\/brunetarquitectes.com\/de\/wp-content\/uploads\/sites\/7\/2024\/02\/restauracion-can-puerto.jpg?fit=1200%2C677&ssl=1&resize=1050%2C600 3x"},"classes":[]},{"id":14589,"url":"https:\/\/brunetarquitectes.com\/de\/ein-zeitgenossischer-raum\/","url_meta":{"origin":12283,"position":4},"title":"Ein zeitgen\u00f6ssischer Raum","author":"brunetarquitectes","date":"Februar 2, 2014","format":false,"excerpt":"Eine traditionelle und familiengef\u00fchrte Schreinerei in Manacor verwandelt sich nach einem architektonischen Eingriff in ein modernes M\u00f6belgesch\u00e4ft. Diario de Mallorca\u00a0\u00a0La AlmudainaSONNTAG, 2 FEBRUAR 2014 - Download der Publikation","rel":"","context":"In &quot;Publikationen&quot;","block_context":{"text":"Publikationen","link":"https:\/\/brunetarquitectes.com\/de\/category\/publikationen\/"},"img":{"alt_text":"","src":"https:\/\/i0.wp.com\/brunetarquitectes.com\/de\/wp-content\/uploads\/sites\/7\/2024\/02\/2014-02-02_ALMUDAINA_silleria.jpg?fit=1200%2C703&ssl=1&resize=350%2C200","width":350,"height":200,"srcset":"https:\/\/i0.wp.com\/brunetarquitectes.com\/de\/wp-content\/uploads\/sites\/7\/2024\/02\/2014-02-02_ALMUDAINA_silleria.jpg?fit=1200%2C703&ssl=1&resize=350%2C200 1x, https:\/\/i0.wp.com\/brunetarquitectes.com\/de\/wp-content\/uploads\/sites\/7\/2024\/02\/2014-02-02_ALMUDAINA_silleria.jpg?fit=1200%2C703&ssl=1&resize=525%2C300 1.5x, https:\/\/i0.wp.com\/brunetarquitectes.com\/de\/wp-content\/uploads\/sites\/7\/2024\/02\/2014-02-02_ALMUDAINA_silleria.jpg?fit=1200%2C703&ssl=1&resize=700%2C400 2x, https:\/\/i0.wp.com\/brunetarquitectes.com\/de\/wp-content\/uploads\/sites\/7\/2024\/02\/2014-02-02_ALMUDAINA_silleria.jpg?fit=1200%2C703&ssl=1&resize=1050%2C600 3x"},"classes":[]},{"id":14584,"url":"https:\/\/brunetarquitectes.com\/de\/rote-erde\/","url_meta":{"origin":12283,"position":5},"title":"Rote Erde","author":"brunetarquitectes","date":"Dezember 6, 2015","format":false,"excerpt":"Das Architekturb\u00fcro Lloren\u00e7 Brunet verwandelt dieses alte landwirtschaftliche Lagergeb\u00e4ude in eine touristische Unterkunft im Rahmen eines Agrotourismus. Diario de Mallorca\u00a0\u00a0La AlmudainaSONNTAG, 6 DEZEMBER 2015 - Download der Publikation","rel":"","context":"In &quot;Publikationen&quot;","block_context":{"text":"Publikationen","link":"https:\/\/brunetarquitectes.com\/de\/category\/publikationen\/"},"img":{"alt_text":"","src":"https:\/\/i0.wp.com\/brunetarquitectes.com\/de\/wp-content\/uploads\/sites\/7\/2024\/02\/2015-12-06_ALMUDAINA_amitger.jpg?fit=1200%2C874&ssl=1&resize=350%2C200","width":350,"height":200,"srcset":"https:\/\/i0.wp.com\/brunetarquitectes.com\/de\/wp-content\/uploads\/sites\/7\/2024\/02\/2015-12-06_ALMUDAINA_amitger.jpg?fit=1200%2C874&ssl=1&resize=350%2C200 1x, https:\/\/i0.wp.com\/brunetarquitectes.com\/de\/wp-content\/uploads\/sites\/7\/2024\/02\/2015-12-06_ALMUDAINA_amitger.jpg?fit=1200%2C874&ssl=1&resize=525%2C300 1.5x, https:\/\/i0.wp.com\/brunetarquitectes.com\/de\/wp-content\/uploads\/sites\/7\/2024\/02\/2015-12-06_ALMUDAINA_amitger.jpg?fit=1200%2C874&ssl=1&resize=700%2C400 2x, https:\/\/i0.wp.com\/brunetarquitectes.com\/de\/wp-content\/uploads\/sites\/7\/2024\/02\/2015-12-06_ALMUDAINA_amitger.jpg?fit=1200%2C874&ssl=1&resize=1050%2C600 3x"},"classes":[]}],"jetpack_sharing_enabled":true,"jetpack_featured_media_url":"https:\/\/i0.wp.com\/brunetarquitectes.com\/de\/wp-content\/uploads\/sites\/7\/2023\/07\/2018-12-16_ALMUDAINA_ixent.jpg?fit=1600%2C1033&ssl=1","_links":{"self":[{"href":"https:\/\/brunetarquitectes.com\/de\/wp-json\/wp\/v2\/posts\/12283","targetHints":{"allow":["GET"]}}],"collection":[{"href":"https:\/\/brunetarquitectes.com\/de\/wp-json\/wp\/v2\/posts"}],"about":[{"href":"https:\/\/brunetarquitectes.com\/de\/wp-json\/wp\/v2\/types\/post"}],"author":[{"embeddable":true,"href":"https:\/\/brunetarquitectes.com\/de\/wp-json\/wp\/v2\/users\/1"}],"replies":[{"embeddable":true,"href":"https:\/\/brunetarquitectes.com\/de\/wp-json\/wp\/v2\/comments?post=12283"}],"version-history":[{"count":5,"href":"https:\/\/brunetarquitectes.com\/de\/wp-json\/wp\/v2\/posts\/12283\/revisions"}],"predecessor-version":[{"id":13096,"href":"https:\/\/brunetarquitectes.com\/de\/wp-json\/wp\/v2\/posts\/12283\/revisions\/13096"}],"wp:featuredmedia":[{"embeddable":true,"href":"https:\/\/brunetarquitectes.com\/de\/wp-json\/wp\/v2\/media\/12284"}],"wp:attachment":[{"href":"https:\/\/brunetarquitectes.com\/de\/wp-json\/wp\/v2\/media?parent=12283"}],"wp:term":[{"taxonomy":"category","embeddable":true,"href":"https:\/\/brunetarquitectes.com\/de\/wp-json\/wp\/v2\/categories?post=12283"},{"taxonomy":"post_tag","embeddable":true,"href":"https:\/\/brunetarquitectes.com\/de\/wp-json\/wp\/v2\/tags?post=12283"}],"curies":[{"name":"wp","href":"https:\/\/api.w.org\/{rel}","templated":true}]}}