{"id":15393,"date":"2026-08-27T21:35:13","date_gmt":"2026-08-27T19:35:13","guid":{"rendered":"https:\/\/brunetarquitectes.com\/de\/?p=15393"},"modified":"2026-08-27T21:47:29","modified_gmt":"2026-08-27T19:47:29","slug":"sanierung-von-mehrfamilienhaeusern-auf-mallorca-sanieren-um-mehr-licht-wert-und-zukunft-zu-gewinnen","status":"publish","type":"post","link":"https:\/\/brunetarquitectes.com\/de\/sanierung-von-mehrfamilienhaeusern-auf-mallorca-sanieren-um-mehr-licht-wert-und-zukunft-zu-gewinnen\/","title":{"rendered":"Sanierung von Mehrfamilienh\u00e4usern auf Mallorca: Sanieren, um mehr Licht, Wert und Zukunft zu gewinnen"},"content":{"rendered":"\n<h2 class=\"wp-block-heading\"><\/h2>\n\n\n\n<figure class=\"wp-block-gallery has-nested-images columns-default is-cropped wp-block-gallery-1 is-layout-flex wp-block-gallery-is-layout-flex\"><\/figure>\n\n\n\n<h2 class=\"wp-block-heading\">Ein Mehrfamilienhaus auf Mallorca sanieren: Bestehendes neu denken und ihm neues Leben geben<\/h2>\n\n\n\n<p class=\"wp-block-paragraph\">Die Sanierung eines Mehrfamilienhauses bedeutet weit mehr, als Oberfl\u00e4chen zu erneuern oder mehrere Wohnungen zu modernisieren. Sie setzt voraus, dass ein bestehendes Geb\u00e4ude analysiert, seine M\u00f6glichkeiten verstanden und seine Struktur neu organisiert wird, um die Lebensqualit\u00e4t der Bewohner zu verbessern, seine Nutzungsdauer zu verl\u00e4ngern und seine Beziehung zur Stadt zu st\u00e4rken.<\/p>\n\n\n\n<p class=\"wp-block-paragraph\">Auf Mallorca, wo sich ein gro\u00dfer Teil des Wohnungsbestands in gewachsenen und bereits erschlossenen Stadtgebieten befindet, stellt die Sanierung von Mehrfamilienh\u00e4usern eine besonders wertvolle Chance dar. Sie erm\u00f6glicht es, bestehende Geb\u00e4ude aufzuwerten, ihre Energieeffizienz zu verbessern, neuen Wohnraum zu schaffen und Elemente zu bewahren, die zur architektonischen Identit\u00e4t der jeweiligen Nachbarschaft geh\u00f6ren.<\/p>\n\n\n\n<p class=\"wp-block-paragraph\">Anstatt die Stadt weiter auszudehnen und neue Fl\u00e4chen zu erschlie\u00dfen, erm\u00f6glicht die Sanierung, mit dem bereits Gebauten zu arbeiten. Fassaden, Innenh\u00f6fe, Treppenh\u00e4user, Balkone, D\u00e4cher und Tragstrukturen k\u00f6nnen an heutige Anforderungen angepasst werden, ohne die Geschichte des Geb\u00e4udes auszul\u00f6schen.<\/p>\n\n\n\n<p class=\"wp-block-paragraph\">Die Projekte <strong>Antoni Maura 69<\/strong> und <strong>S\u2019H\u00edpica<\/strong> zeigen zwei unterschiedliche Ans\u00e4tze f\u00fcr diese Transformation. Das erste Projekt wandelt eine bestehende Wohnung um und erweitert sie, um drei Wohneinheiten zu schaffen. Das zweite organisiert ein Mehrfamilienhaus an einer Ecklage neu, bewahrt dabei sein Volumen und gibt ihm seine urspr\u00fcngliche Identit\u00e4t zur\u00fcck.<\/p>\n\n\n\n<p class=\"wp-block-paragraph\">Erg\u00e4nzt werden diese Beispiele durch <strong>Manacor 32<\/strong>, dessen r\u00e4umliche Klarheit, Belichtung und der Einsatz von Filtern L\u00f6sungen bieten, die auch auf die Sanierung von Wohngeb\u00e4uden \u00fcbertragbar sind.<\/p>\n\n\n\n<figure class=\"wp-block-image size-large\"><img data-recalc-dims=\"1\" fetchpriority=\"high\" decoding=\"async\" width=\"1024\" height=\"624\" src=\"https:\/\/i0.wp.com\/brunetarquitectes.com\/de\/wp-content\/uploads\/sites\/7\/2026\/08\/veronica-32-11.jpg?resize=1024%2C624&#038;ssl=1\" alt=\"\" class=\"wp-image-15395\" srcset=\"https:\/\/i0.wp.com\/brunetarquitectes.com\/de\/wp-content\/uploads\/sites\/7\/2026\/08\/veronica-32-11.jpg?resize=1024%2C624&amp;ssl=1 1024w, https:\/\/i0.wp.com\/brunetarquitectes.com\/de\/wp-content\/uploads\/sites\/7\/2026\/08\/veronica-32-11.jpg?resize=300%2C183&amp;ssl=1 300w, https:\/\/i0.wp.com\/brunetarquitectes.com\/de\/wp-content\/uploads\/sites\/7\/2026\/08\/veronica-32-11.jpg?resize=768%2C468&amp;ssl=1 768w, https:\/\/i0.wp.com\/brunetarquitectes.com\/de\/wp-content\/uploads\/sites\/7\/2026\/08\/veronica-32-11.jpg?resize=1536%2C936&amp;ssl=1 1536w, https:\/\/i0.wp.com\/brunetarquitectes.com\/de\/wp-content\/uploads\/sites\/7\/2026\/08\/veronica-32-11.jpg?resize=600%2C366&amp;ssl=1 600w, https:\/\/i0.wp.com\/brunetarquitectes.com\/de\/wp-content\/uploads\/sites\/7\/2026\/08\/veronica-32-11.jpg?w=2048&amp;ssl=1 2048w\" sizes=\"(max-width: 1024px) 100vw, 1024px\" \/><\/figure>\n\n\n\n<h2 class=\"wp-block-heading\">Ein Mehrfamilienhaus sanieren: \u00dcber die einzelne Wohnung hinaus denken<\/h2>\n\n\n\n<p class=\"wp-block-paragraph\">Die Sanierung eines Mehrfamilienhauses erfordert eine umfassendere Perspektive als die Renovierung einer einzelnen Wohnung.<\/p>\n\n\n\n<p class=\"wp-block-paragraph\">Es reicht nicht aus, K\u00fcchen, B\u00e4der oder B\u00f6den zu modernisieren. Das Geb\u00e4ude muss als Ganzes betrachtet werden: Tragstruktur, Fassaden, D\u00e4cher, Eing\u00e4nge, Treppenh\u00e4user, technische Anlagen, Innenh\u00f6fe, D\u00e4mmung, energetisches Verhalten, Barrierefreiheit sowie die Beziehung zwischen privaten und gemeinschaftlich genutzten Bereichen.<\/p>\n\n\n\n<p class=\"wp-block-paragraph\">Jede Entscheidung beeinflusst die Gesamtfunktion des Geb\u00e4udes. Die Ver\u00e4nderung eines Treppenhauses kann Wohnfl\u00e4che freisetzen. Die \u00d6ffnung eines Innenhofs kann gleichzeitig Belichtung, Bel\u00fcftung und das Raumgef\u00fchl verbessern. Die Sanierung eines Daches kann die Integration einer Terrasse oder eines Sonnendecks erm\u00f6glichen. Eine Neuordnung der technischen Anlagen erleichtert die Wartung und verbessert die Effizienz.<\/p>\n\n\n\n<p class=\"wp-block-paragraph\"><strong>Der entscheidende Vorteil einer umfassenden Sanierung liegt darin, all diese Ma\u00dfnahmen innerhalb einer einzigen Strategie zu koordinieren.<\/strong><\/p>\n\n\n\n<p class=\"wp-block-paragraph\">Wird der Eingriff ganzheitlich geplant, entsteht nicht lediglich ein renoviertes Geb\u00e4ude. Es entsteht eine funktionalere, effizientere, barriere\u00e4rmere und attraktivere Immobilie, die darauf vorbereitet ist, noch \u00fcber Jahrzehnte genutzt zu werden.<\/p>\n\n\n\n<h2 class=\"wp-block-heading\">Bestehende Geb\u00e4ude besser nutzen<\/h2>\n\n\n\n<p class=\"wp-block-paragraph\">Einer der wichtigsten Vorteile der Sanierung von Mehrfamilienh\u00e4usern besteht darin, eine Konstruktion, die bereits Teil der Stadt ist, besser nutzen zu k\u00f6nnen.<\/p>\n\n\n\n<p class=\"wp-block-paragraph\">Viele Geb\u00e4ude verf\u00fcgen \u00fcber ungenutzte oder untergenutzte Fl\u00e4chen, \u00fcberm\u00e4\u00dfig kleinteilige Grundrisse, vernachl\u00e4ssigte Innenh\u00f6fe, ungenutzte D\u00e4cher oder Erschlie\u00dfungskerne an ineffizienten Positionen.<\/p>\n\n\n\n<p class=\"wp-block-paragraph\"><strong>Eine gut geplante Sanierung kann dieses Potenzial freisetzen.<\/strong><\/p>\n\n\n\n<p class=\"wp-block-paragraph\">In manchen F\u00e4llen erm\u00f6glicht sie, bestehende Wohnungen neu zu organisieren und dadurch gro\u00dfz\u00fcgiger und heller zu gestalten. In anderen F\u00e4llen kann die Wohnkapazit\u00e4t durch eine Neuaufteilung, eine Erweiterung oder die Wiedergewinnung von Fl\u00e4chen erh\u00f6ht werden, die ihre urspr\u00fcngliche Funktion verloren haben.<\/p>\n\n\n\n<p class=\"wp-block-paragraph\">Diese Transformation muss immer innerhalb der st\u00e4dtebaulichen, konstruktiven und rechtlichen M\u00f6glichkeiten des Geb\u00e4udes erfolgen. Eine sorgf\u00e4ltige Analyse zu Beginn kann Einschr\u00e4nkungen jedoch in architektonische Chancen verwandeln.<\/p>\n\n\n\n<p class=\"wp-block-paragraph\">Eine bestehende Wand kann Charakter verleihen. Ein Innenhof kann zum Mittelpunkt der Wohnung werden. Ein altes Dach kann in einen Au\u00dfenbereich verwandelt werden. Ein dunkles Treppenhaus kann durch ein Oberlicht mit Tageslicht versorgt werden.<\/p>\n\n\n\n<p class=\"wp-block-paragraph\"><strong>Sanieren bedeutet nicht, eine neue Architektur \u00fcber die bestehende zu legen, sondern herauszufinden, was aus dem Geb\u00e4ude auf Grundlage dessen werden kann, was bereits vorhanden ist.<\/strong><\/p>\n\n\n\n<h2 class=\"wp-block-heading\">Grundrisse verbessern und Wohnungen an das heutige Leben anpassen<\/h2>\n\n\n\n<p class=\"wp-block-paragraph\">Viele \u00e4ltere Wohngeb\u00e4ude entsprechen Lebensformen, die sich von den heutigen unterscheiden.<\/p>\n\n\n\n<p class=\"wp-block-paragraph\">H\u00e4ufig findet man Wohnungen mit langen Fluren, schlecht belichteten Innenr\u00e4umen, K\u00fcchen ohne Verbindung zu den gemeinschaftlichen Wohnbereichen, kleinen B\u00e4dern oder einer \u00fcberm\u00e4\u00dfigen Trennung zwischen den einzelnen Zimmern.<\/p>\n\n\n\n<p class=\"wp-block-paragraph\">Die Sanierung eines Mehrfamilienhauses bietet die M\u00f6glichkeit, diese Grundrisse neu zu betrachten und Wohnungen zu schaffen, die klarer, flexibler und funktionaler sind.<\/p>\n\n\n\n<p class=\"wp-block-paragraph\">Die Reduzierung unn\u00f6tiger Wege schafft zus\u00e4tzliche Fl\u00e4che f\u00fcr die Hauptr\u00e4ume. Die Verbindung von K\u00fcche, Essbereich und Wohnzimmer kann das Zusammenleben verbessern und das Raumgef\u00fchl vergr\u00f6\u00dfern. Eine klare Trennung von Tages- und Nachtbereichen schafft Privatsph\u00e4re. Integrierter Stauraum erleichtert die t\u00e4gliche Nutzung.<\/p>\n\n\n\n<p class=\"wp-block-paragraph\">Auch unterschiedliche Wohnbed\u00fcrfnisse k\u00f6nnen ber\u00fccksichtigt werden. In einem Geb\u00e4ude k\u00f6nnen Einheiten unterschiedlicher Gr\u00f6\u00dfe, Erdgeschosswohnungen mit Bezug zu Innenh\u00f6fen, Wohnungen in den Obergeschossen mit Balkonen oder Dachgeschosswohnungen mit Zugang zu Terrassen und Dachfl\u00e4chen miteinander kombiniert werden.<\/p>\n\n\n\n<p class=\"wp-block-paragraph\">Diese Vielfalt erh\u00f6ht die F\u00e4higkeit des Geb\u00e4udes, auf unterschiedliche Lebensphasen zu reagieren.<\/p>\n\n\n\n<p class=\"wp-block-paragraph\"><strong>Flexibilit\u00e4t ist eine der wichtigsten Formen von Dauerhaftigkeit.<\/strong> Eine Wohnung, die sich mit ihren Bewohnern weiterentwickeln kann, vermeidet vorzeitige Umbauten und bewahrt l\u00e4nger ihre Funktionalit\u00e4t und ihren Wert.<\/p>\n\n\n\n<h2 class=\"wp-block-heading\">Mehr Tageslicht und nat\u00fcrliche Bel\u00fcftung gewinnen<\/h2>\n\n\n\n<p class=\"wp-block-paragraph\">Mangelndes Tageslicht ist eines der h\u00e4ufigsten Probleme \u00e4lterer Mehrfamilienh\u00e4user, insbesondere bei tiefen Geb\u00e4uden oder Geb\u00e4uden zwischen Brandw\u00e4nden.<\/p>\n\n\n\n<p class=\"wp-block-paragraph\">Eine umfassende Sanierung erm\u00f6glicht es, die nat\u00fcrliche Belichtung aus der Perspektive des gesamten Geb\u00e4udes zu untersuchen.<\/p>\n\n\n\n<p class=\"wp-block-paragraph\">Die Position des Treppenhauses, die \u00d6ffnung von Innenh\u00f6fen, die kontrollierte Vergr\u00f6\u00dferung von \u00d6ffnungen und die Beziehung zwischen den einzelnen R\u00e4umen k\u00f6nnen dunkle und kleinteilige Innenr\u00e4ume in offene und helle R\u00e4ume verwandeln.<\/p>\n\n\n\n<p class=\"wp-block-paragraph\">Dabei geht es nicht lediglich darum, die Fenster zu vergr\u00f6\u00dfern. Die Qualit\u00e4t des Lichts h\u00e4ngt von seiner Ausrichtung, Intensit\u00e4t, Tiefe und seinem Verlauf im Tagesverlauf ab.<\/p>\n\n\n\n<p class=\"wp-block-paragraph\">Auf Mallorca muss die Einf\u00fchrung von Tageslicht zudem mit einem angemessenen Sonnenschutz verbunden werden. Fensterl\u00e4den, Balkone, R\u00fcckspr\u00fcnge, Lamellen und Veranden k\u00f6nnen \u00dcberhitzung reduzieren und gleichzeitig eine angenehme nat\u00fcrliche Belichtung gew\u00e4hrleisten.<\/p>\n\n\n\n<p class=\"wp-block-paragraph\">Auch die nat\u00fcrliche Bel\u00fcftung kann durch Grundrisse verbessert werden, die die Luftzirkulation zwischen Fassaden, Innenh\u00f6fen und Innenr\u00e4umen f\u00f6rdern.<\/p>\n\n\n\n<p class=\"wp-block-paragraph\">Wenn Licht und Bel\u00fcftung von Beginn an in das Projekt integriert werden, entstehen angenehmere, ges\u00fcndere und effizientere Wohnungen.<\/p>\n\n\n\n<h2 class=\"wp-block-heading\">Haustechnik, Tragstruktur und Sicherheit modernisieren<\/h2>\n\n\n\n<p class=\"wp-block-paragraph\">Die Sanierung eines Mehrfamilienhauses bietet die M\u00f6glichkeit, Elemente zu erneuern, die normalerweise verborgen bleiben, aber f\u00fcr die Funktion des Geb\u00e4udes entscheidend sind.<\/p>\n\n\n\n<p class=\"wp-block-paragraph\">Veraltete Elektroinstallationen, besch\u00e4digte Wasserleitungen, unzureichende Entw\u00e4sserungssysteme oder ineffiziente Klimatisierungsanlagen k\u00f6nnen zu St\u00f6rungen, hohem Energieverbrauch und kontinuierlich steigenden Wartungskosten f\u00fchren.<\/p>\n\n\n\n<p class=\"wp-block-paragraph\">Eine umfassende Sanierung bietet die Gelegenheit, diese technischen Anlagen neu zu ordnen und zu modernisieren und dadurch ihre Kontrolle und zuk\u00fcnftige Wartung zu erleichtern.<\/p>\n\n\n\n<p class=\"wp-block-paragraph\">Ebenso kann der Zustand der Tragstruktur \u00fcberpr\u00fcft, Sch\u00e4den k\u00f6nnen behoben, Bauteile bei Bedarf verst\u00e4rkt und die Abdichtung von D\u00e4chern, Terrassen und Nassbereichen verbessert werden.<\/p>\n\n\n\n<p class=\"wp-block-paragraph\">Brandschutz, die Sicherheit von Gel\u00e4ndern, die Beleuchtung gemeinschaftlicher Wege und die Verbesserung der Zug\u00e4nge geh\u00f6ren ebenfalls zu einem verantwortungsvollen Sanierungskonzept.<\/p>\n\n\n\n<p class=\"wp-block-paragraph\"><strong>Diese Verbesserungen sind nicht immer die sichtbarsten, bestimmen aber ma\u00dfgeblich die Sicherheit, Dauerhaftigkeit und den tats\u00e4chlichen Wert des Geb\u00e4udes.<\/strong><\/p>\n\n\n\n<h2 class=\"wp-block-heading\">Energieeffizienz und Komfort verbessern<\/h2>\n\n\n\n<p class=\"wp-block-paragraph\">\u00c4ltere Geb\u00e4ude weisen h\u00e4ufig eine schlechtere energetische Performance auf als heutige Neubauten.<\/p>\n\n\n\n<p class=\"wp-block-paragraph\">Schlecht ged\u00e4mmte Fassaden, D\u00e4cher ohne ausreichenden W\u00e4rmeschutz, besch\u00e4digte Fenster und T\u00fcren oder W\u00e4rmebr\u00fccken k\u00f6nnen im Winter zu Energieverlusten und im Sommer zu \u00dcberhitzung f\u00fchren.<\/p>\n\n\n\n<p class=\"wp-block-paragraph\">Eine Sanierung erm\u00f6glicht Ma\u00dfnahmen an der Geb\u00e4udeh\u00fclle, etwa durch zus\u00e4tzliche D\u00e4mmung, verbesserte Fenster und T\u00fcren, Sonnenschutz sowie die Erneuerung von Klimatisierungs- und Warmwassersystemen.<\/p>\n\n\n\n<p class=\"wp-block-paragraph\">Effizienz h\u00e4ngt jedoch nicht allein vom Einsatz von Technik ab. Passive architektonische Entscheidungen sind ebenso wichtig.<\/p>\n\n\n\n<p class=\"wp-block-paragraph\">Die richtige Ausrichtung der R\u00e4ume, Querl\u00fcftung, der Schutz von \u00d6ffnungen und die Nutzung der thermischen Masse von Materialien k\u00f6nnen den Energiebedarf reduzieren, bevor mechanische Systeme eingesetzt werden m\u00fcssen.<\/p>\n\n\n\n<p class=\"wp-block-paragraph\">Die traditionelle mallorquinische Architektur bietet zahlreiche intelligente L\u00f6sungen f\u00fcr das Klima: Fensterl\u00e4den, massive W\u00e4nde, Innenh\u00f6fe, Veranden, Balkone und Zwischenr\u00e4ume.<\/p>\n\n\n\n<p class=\"wp-block-paragraph\"><strong>Die Integration dieser Prinzipien in eine zeitgem\u00e4\u00dfe Sanierung kann den Komfort verbessern und den Energieverbrauch reduzieren, ohne die Identit\u00e4t des Geb\u00e4udes zu verlieren.<\/strong><\/p>\n\n\n\n<h2 class=\"wp-block-heading\">Barrierefreiheit integrieren und die allt\u00e4gliche Nutzung erleichtern<\/h2>\n\n\n\n<p class=\"wp-block-paragraph\">Viele bestehende Mehrfamilienh\u00e4user weisen architektonische Barrieren auf.<\/p>\n\n\n\n<p class=\"wp-block-paragraph\">Stufen am Eingang, enge Treppenh\u00e4user, fehlende Aufz\u00fcge oder komplizierte Wege erschweren die Nutzung f\u00fcr \u00e4ltere Menschen, Familien mit Kindern oder Personen mit eingeschr\u00e4nkter Mobilit\u00e4t.<\/p>\n\n\n\n<p class=\"wp-block-paragraph\">Eine umfassende Sanierung erm\u00f6glicht es, die Barrierefreiheit vom Eingang bis zu jeder einzelnen Wohnung zu betrachten.<\/p>\n\n\n\n<p class=\"wp-block-paragraph\">Wenn es die baulichen Gegebenheiten zulassen, k\u00f6nnen Aufz\u00fcge, Plattformlifte, Rampen oder neue Erschlie\u00dfungswege integriert werden. Auch Eingangsbereiche und Gemeinschaftsfl\u00e4chen k\u00f6nnen neu organisiert werden, um klarere und sicherere Bewegungsabl\u00e4ufe zu schaffen.<\/p>\n\n\n\n<p class=\"wp-block-paragraph\">Eine verbesserte Barrierefreiheit erh\u00f6ht den Komfort aller Bewohner und verl\u00e4ngert den Zeitraum, in dem sie in ihren eigenen Wohnungen bleiben k\u00f6nnen.<\/p>\n\n\n\n<p class=\"wp-block-paragraph\">Dar\u00fcber hinaus stellt sie einen wichtigen Vorteil auf dem Immobilienmarkt dar, da sie die Zahl der Menschen erh\u00f6ht, die die Wohnungen nutzen oder erwerben k\u00f6nnen.<\/p>\n\n\n\n<h2 class=\"wp-block-heading\">Terrassen, Innenh\u00f6fe und D\u00e4cher zur\u00fcckgewinnen<\/h2>\n\n\n\n<p class=\"wp-block-paragraph\">Au\u00dfenr\u00e4ume geh\u00f6ren zu den gr\u00f6\u00dften Qualit\u00e4ten des Wohnens auf Mallorca.<\/p>\n\n\n\n<p class=\"wp-block-paragraph\">In vielen bestehenden Geb\u00e4uden werden Innenh\u00f6fe, Terrassen oder D\u00e4cher nur unzureichend genutzt, sind von ungeordneten technischen Anlagen belegt oder nicht mit den Wohnungen verbunden.<\/p>\n\n\n\n<p class=\"wp-block-paragraph\"><strong>Eine Sanierung kann ihnen wieder eine echte Funktion geben.<\/strong><\/p>\n\n\n\n<p class=\"wp-block-paragraph\">Ein Innenhof kann zu einer Erweiterung des Wohnzimmers werden, mit Bepflanzung gestaltet werden und gleichzeitig die Belichtung der Innenr\u00e4ume verbessern. Eine Terrasse kann als Essbereich im Freien oder als R\u00fcckzugsort dienen. Ein Dach kann, sofern die Vorschriften und die Eigenschaften des Geb\u00e4udes dies erlauben, in ein Sonnendeck f\u00fcr eine Wohnung oder in einen gemeinschaftlichen Au\u00dfenbereich verwandelt werden.<\/p>\n\n\n\n<p class=\"wp-block-paragraph\">Diese R\u00e4ume vergr\u00f6\u00dfern die wahrgenommene Nutzfl\u00e4che und verbessern die Beziehung zwischen Innen- und Au\u00dfenraum.<\/p>\n\n\n\n<p class=\"wp-block-paragraph\">Gleichzeitig wirken sie als klimatische Regulatoren, spenden Schatten, f\u00f6rdern die nat\u00fcrliche Bel\u00fcftung und tragen dazu bei, \u00dcberhitzung zu reduzieren.<\/p>\n\n\n\n<p class=\"wp-block-paragraph\">Entscheidend ist nicht nur die Gr\u00f6\u00dfe dieser R\u00e4ume, sondern ihre richtige Integration in den Grundriss. Eine Terrasse, die direkt an die gemeinschaftlichen Wohnbereiche anschlie\u00dft, kann zu einem echten Au\u00dfenraum werden.<\/p>\n\n\n\n<h2 class=\"wp-block-heading\">Die architektonische Identit\u00e4t bewahren<\/h2>\n\n\n\n<p class=\"wp-block-paragraph\">Einer der wichtigsten Vorteile der Sanierung gegen\u00fcber einem Ersatzneubau ist die M\u00f6glichkeit, die Geschichte und Erinnerung des Geb\u00e4udes zu bewahren.<\/p>\n\n\n\n<p class=\"wp-block-paragraph\">Fassaden, Natursteinsockel, mallorquinische Fensterl\u00e4den, Metallbalkone, Fenster und T\u00fcren, Innenh\u00f6fe oder dekorative Elemente sind Teil des Charakters der Stra\u00dfen und Viertel Mallorcas.<\/p>\n\n\n\n<p class=\"wp-block-paragraph\">Die Sanierung sollte identifizieren, welche Elemente einen besonderen Wert besitzen und wie sie in eine neue Phase des Geb\u00e4udes integriert werden k\u00f6nnen.<\/p>\n\n\n\n<p class=\"wp-block-paragraph\"><strong>Bewahren bedeutet nicht, ein Geb\u00e4ude in der Zeit einzufrieren.<\/strong> Ein Geb\u00e4ude kann seine Grundrisse vollst\u00e4ndig ver\u00e4ndern, seine technischen Anlagen modernisieren und sich an neue Lebensformen anpassen, ohne jene Elemente zu verlieren, die seine Identit\u00e4t ausmachen.<\/p>\n\n\n\n<p class=\"wp-block-paragraph\">Zeitgen\u00f6ssische Eingriffe sollten einen Dialog mit dem Bestand eingehen. Neue Materialien und L\u00f6sungen m\u00fcssen die Vergangenheit nicht w\u00f6rtlich imitieren, sollten aber deren Ma\u00dfstab, Proportionen und konstruktive Logik respektieren.<\/p>\n\n\n\n<p class=\"wp-block-paragraph\">Diese Kontinuit\u00e4t verleiht dem Geb\u00e4ude Individualit\u00e4t und erm\u00f6glicht es den Wohnungen, eine Identit\u00e4t zu bewahren, die mit generischen L\u00f6sungen nur schwer zu erreichen w\u00e4re.<\/p>\n\n\n\n<h2 class=\"wp-block-heading\">Fallstudien: Drei Projekte, drei Wege der Sanierung<\/h2>\n\n\n\n<figure class=\"wp-block-image is-resized\"><img data-recalc-dims=\"1\" decoding=\"async\" data-src=\"https:\/\/i0.wp.com\/brunetarquitectes.com\/wp-content\/uploads\/2026\/07\/vivienda-plurifamiliar-mallorca-03.jpg?w=1300&#038;ssl=1\" alt=\"\" style=\"aspect-ratio:1.3969986357435198;width:2048px;height:auto\" src=\"data:image\/svg+xml;base64,PHN2ZyB3aWR0aD0iMSIgaGVpZ2h0PSIxIiB4bWxucz0iaHR0cDovL3d3dy53My5vcmcvMjAwMC9zdmciPjwvc3ZnPg==\" class=\"lazyload\" \/><\/figure>\n\n\n\n<h3 class=\"wp-block-heading\">Antoni Maura 69: Aus einer Wohnung werden drei Zuhause<\/h3>\n\n\n\n<p class=\"wp-block-paragraph\"><strong>A<a href=\"\/de\/portafolio\/antoni-maura-69\/\">ntoni Maura 69<\/a><\/strong> basiert auf der Sanierung und Erweiterung eines bestehenden Geb\u00e4udes mit Erdgeschoss und zwei Obergeschossen, das in ein Mehrfamilienhaus mit drei Wohnungen umgewandelt wird.<\/p>\n\n\n\n<p class=\"wp-block-paragraph\">Mit einer Fl\u00e4che von etwa <strong>663,40 m\u00b2<\/strong> beh\u00e4lt das Projekt die Wohnnutzung im Erdgeschoss bei und erg\u00e4nzt jeweils eine Wohnung in den beiden oberen Geschossen. Zus\u00e4tzlich wird eine Garage f\u00fcr zwei Fahrzeuge integriert.<\/p>\n\n\n\n<figure class=\"wp-block-image is-resized\"><img data-recalc-dims=\"1\" decoding=\"async\" data-src=\"https:\/\/i0.wp.com\/brunetarquitectes.com\/wp-content\/uploads\/2026\/07\/obra-nueva-mallorca.jpg?w=1300&#038;ssl=1\" alt=\"\" style=\"aspect-ratio:1.497659906396256;width:1920px;height:auto\" src=\"data:image\/svg+xml;base64,PHN2ZyB3aWR0aD0iMSIgaGVpZ2h0PSIxIiB4bWxucz0iaHR0cDovL3d3dy53My5vcmcvMjAwMC9zdmciPjwvc3ZnPg==\" class=\"lazyload\" \/><\/figure>\n\n\n\n<p class=\"wp-block-paragraph\">Das Projekt zeigt, wie eine Sanierung die Wohnkapazit\u00e4t eines st\u00e4dtischen Grundst\u00fccks erh\u00f6hen kann, ohne den Charakter des urspr\u00fcnglichen Geb\u00e4udes zu verlieren.<\/p>\n\n\n\n<p class=\"wp-block-paragraph\">Die Erweiterung erfolgt durch ein drittes Geb\u00e4udefeld und einen seitlichen Anbau entlang der Brandwand. Dadurch kann das Geb\u00e4ude als Ganzes neu organisiert werden und die neuen Wohnungen erhalten mehr Tiefe und Funktionalit\u00e4t.<\/p>\n\n\n\n<figure class=\"wp-block-image is-resized\"><img data-recalc-dims=\"1\" decoding=\"async\" data-src=\"https:\/\/i0.wp.com\/brunetarquitectes.com\/wp-content\/uploads\/2026\/07\/antoni-maura-03.jpg?w=1300&#038;ssl=1\" alt=\"\" style=\"aspect-ratio:1.5058823529411764;width:1920px;height:auto\" src=\"data:image\/svg+xml;base64,PHN2ZyB3aWR0aD0iMSIgaGVpZ2h0PSIxIiB4bWxucz0iaHR0cDovL3d3dy53My5vcmcvMjAwMC9zdmciPjwvc3ZnPg==\" class=\"lazyload\" \/><\/figure>\n\n\n\n<p class=\"wp-block-paragraph\">Das gemeinschaftliche Treppenhaus befindet sich im zentralen Geb\u00e4udefeld und erh\u00e4lt \u00fcber ein Oberlicht nat\u00fcrliche Belichtung und Bel\u00fcftung.<\/p>\n\n\n\n<p class=\"wp-block-paragraph\">Diese Entscheidung ist von zentraler Bedeutung. Durch die klare Positionierung des Erschlie\u00dfungskerns bleiben die Fassaden f\u00fcr die wichtigsten Wohnr\u00e4ume frei und die f\u00fcr Erschlie\u00dfung ben\u00f6tigte Fl\u00e4che wird reduziert.<\/p>\n\n\n\n<p class=\"wp-block-paragraph\">Die Erdgeschosswohnung beh\u00e4lt einen unabh\u00e4ngigen Zugang vom Passeig Antoni Maura und \u00f6ffnet sich zum Inneren des Blocks.<\/p>\n\n\n\n<p class=\"wp-block-paragraph\">Wohnzimmer, Essbereich, Arbeitszimmer, K\u00fcche und Hauptschlafzimmer stehen in direkter Beziehung zu einer r\u00fcckw\u00e4rtigen Terrasse, die als echter Au\u00dfenraum konzipiert ist. Die gepflasterte Fl\u00e4che zum Essen und Entspannen, die Bepflanzung, der wasserdurchl\u00e4ssige Belag und das Wasserbecken erweitern den Wohnraum und schaffen eine gesch\u00fctzte Atmosph\u00e4re.<\/p>\n\n\n\n<p class=\"wp-block-paragraph\">In den oberen Geschossen trennen die Grundrisse die Tages- und Nachtbereiche und integrieren Balkone und Terrassen.<\/p>\n\n\n\n<p class=\"wp-block-paragraph\">Die Fassade bewahrt ihre Beziehung zur Umgebung von Na Camel\u00b7la durch einen Natursteinsockel, helle Oberfl\u00e4chen, leichte Balkone mit Metallgel\u00e4ndern und mallorquinische Fensterl\u00e4den.<\/p>\n\n\n\n<p class=\"wp-block-paragraph\"><strong>Antoni Maura 69 fasst mehrere der wichtigsten Vorteile einer Sanierung von Mehrfamilienh\u00e4usern zusammen:<\/strong> Es wird eine bestehende Konstruktion wiederverwendet, die Zahl der Wohnungen erh\u00f6ht, die nat\u00fcrliche Belichtung verbessert, Au\u00dfenr\u00e4ume integriert und das Geb\u00e4ude modernisiert, ohne seinen st\u00e4dtebaulichen Ma\u00dfstab zu verlieren.<\/p>\n\n\n\n<figure class=\"wp-block-image is-resized\"><img data-recalc-dims=\"1\" decoding=\"async\" data-src=\"https:\/\/i0.wp.com\/brunetarquitectes.com\/wp-content\/uploads\/2026\/07\/vivienda-plurifamiliar-mallorca-13.jpg?w=1300&#038;ssl=1\" alt=\"\" style=\"aspect-ratio:1.0360902255639097;width:1378px;height:auto\" src=\"data:image\/svg+xml;base64,PHN2ZyB3aWR0aD0iMSIgaGVpZ2h0PSIxIiB4bWxucz0iaHR0cDovL3d3dy53My5vcmcvMjAwMC9zdmciPjwvc3ZnPg==\" class=\"lazyload\" \/><\/figure>\n\n\n\n<h3 class=\"wp-block-heading\">S\u2019H\u00edpica: Den Innenraum neu organisieren und die Erinnerung bewahren<\/h3>\n\n\n\n<p class=\"wp-block-paragraph\"><strong><a href=\"\/de\/portafolio\/shipica\/\">S\u2019H\u00edpica<\/a><\/strong> widmet sich der Sanierung eines Mehrfamilienhauses in prominenter Lage gegen\u00fcber der Pla\u00e7a de Na Camel\u00b7la.<\/p>\n\n\n\n<p class=\"wp-block-paragraph\">Das Projekt bewahrt das urspr\u00fcngliche Volumen und umfasst ein Programm mit einem Gewerberaum im Erdgeschoss sowie zwei Wohnungen im ersten und zweiten Obergeschoss.<\/p>\n\n\n\n<figure class=\"wp-block-image is-resized\"><img data-recalc-dims=\"1\" decoding=\"async\" data-src=\"https:\/\/i0.wp.com\/brunetarquitectes.com\/wp-content\/uploads\/2026\/07\/vivienda-plurifamiliar-mallorca-06.jpg?w=1300&#038;ssl=1\" alt=\"\" style=\"aspect-ratio:1.0564024390243902;width:1386px;height:auto\" src=\"data:image\/svg+xml;base64,PHN2ZyB3aWR0aD0iMSIgaGVpZ2h0PSIxIiB4bWxucz0iaHR0cDovL3d3dy53My5vcmcvMjAwMC9zdmciPjwvc3ZnPg==\" class=\"lazyload\" \/><\/figure>\n\n\n\n<p class=\"wp-block-paragraph\"><strong>Die wichtigste r\u00e4umliche Entscheidung besteht darin, das Treppenhaus an die \u00f6stliche Brandwand zu verlegen.<\/strong><\/p>\n\n\n\n<p class=\"wp-block-paragraph\">Die urspr\u00fcngliche Position des Erschlie\u00dfungskerns schr\u00e4nkte die Grundrissgestaltung ein und reduzierte die M\u00f6glichkeiten der Fassaden. Durch seine Verlagerung werden die vorderen Geb\u00e4udefelder freigegeben und es entstehen offenere, hellere und besser miteinander verbundene Innenr\u00e4ume.<\/p>\n\n\n\n<p class=\"wp-block-paragraph\">Die Wohnbereiche beider Wohnungen orientieren sich zum Platz und werden durch Balkone nach au\u00dfen erweitert. Die Hauptschlafzimmer blicken zum Carrer Ver\u00f2nica und verf\u00fcgen \u00fcber private Terrassen.<\/p>\n\n\n\n<p class=\"wp-block-paragraph\">Das Flachdach erh\u00e4lt ein Sonnendeck, das der oberen Wohnung zugeordnet ist und einen zuvor ungenutzten Bereich zu einem aktiven Bestandteil des Wohnprogramms macht.<\/p>\n\n\n\n<p class=\"wp-block-paragraph\">Jede Wohnung entwickelt dadurch eine eigene Beziehung zum Au\u00dfenraum und eine klare Abfolge zwischen st\u00e4dtischen, h\u00e4uslichen und privaten Bereichen.<\/p>\n\n\n\n<p class=\"wp-block-paragraph\">Die Sanierung bewahrt die wichtigsten identit\u00e4tsstiftenden Elemente des Geb\u00e4udes: den Natursteinsockel, die rosafarbene Fassadengestaltung, die mallorquinischen Holzfensterl\u00e4den, den Metallbalkon und die abschlie\u00dfende Balustrade.<\/p>\n\n\n\n<p class=\"wp-block-paragraph\">Der Eingriff tritt nicht in Konkurrenz zu diesen Elementen. Er repariert sie, ordnet sie neu und gibt ihnen ihre Bedeutung zur\u00fcck.<\/p>\n\n\n\n<p class=\"wp-block-paragraph\"><strong>S\u2019H\u00edpica zeigt, dass Sanierung nicht bedeutet, ein Geb\u00e4ude in der Zeit einzufrieren.<\/strong> Es bedeutet, ihm zu erm\u00f6glichen, weiterzuleben, indem es an heutige Bed\u00fcrfnisse angepasst wird, ohne die Erinnerung zu beseitigen, die es mit dem Platz und der Stadt verbindet.<\/p>\n\n\n\n<figure class=\"wp-block-image is-resized\"><img data-recalc-dims=\"1\" decoding=\"async\" data-src=\"https:\/\/i0.wp.com\/brunetarquitectes.com\/wp-content\/uploads\/2026\/07\/vivienda-plurifamiliar-mallorca-09.jpg?w=1300&#038;ssl=1\" alt=\"\" style=\"aspect-ratio:1.5546558704453441;width:1920px;height:auto\" src=\"data:image\/svg+xml;base64,PHN2ZyB3aWR0aD0iMSIgaGVpZ2h0PSIxIiB4bWxucz0iaHR0cDovL3d3dy53My5vcmcvMjAwMC9zdmciPjwvc3ZnPg==\" class=\"lazyload\" \/><\/figure>\n\n\n\n<h3 class=\"wp-block-heading\">Manacor 32: Klarheit und Licht als Grundlage der Sanierung<\/h3>\n\n\n\n<p class=\"wp-block-paragraph\"><strong><a href=\"\/de\/portafolio\/manacor-32\/\">Manacor 32<\/a><\/strong>, verbunden mit dem Arbeitsbereich des B\u00fcros von Lloren\u00e7 Brunet, erg\u00e4nzt diese Perspektive durch r\u00e4umliche L\u00f6sungen, die auf den Wohnungsbau \u00fcbertragbar sind.<\/p>\n\n\n\n<p class=\"wp-block-paragraph\">Die Architektur basiert auf klaren Grundrissen, der Verwendung weniger Materialien und dem kontrollierten Eintritt von nat\u00fcrlichem Licht.<\/p>\n\n\n\n<p class=\"wp-block-paragraph\">Das vertikale Lamellenelement funktioniert als Filter und Raumteiler. Es erm\u00f6glicht die Unterteilung von Bereichen, ohne sie vollst\u00e4ndig zu schlie\u00dfen, bewahrt Sichtbeziehungen und l\u00e4sst Licht durch den Innenraum wandern.<\/p>\n\n\n\n<p class=\"wp-block-paragraph\">Bei der Sanierung einer Wohnung kann eine solche Strategie eingesetzt werden, um K\u00fcche, Arbeitsbereich, Treppenhaus oder Erschlie\u00dfungszone voneinander zu trennen, ohne das Gef\u00fchl von Gro\u00dfz\u00fcgigkeit zu verlieren.<\/p>\n\n\n\n<p class=\"wp-block-paragraph\">Der bepflanzte Innenhof und die zenitale Belichtung des Treppenhauses zeigen ebenfalls, wie funktionale Elemente zu architektonischen Erlebnissen werden k\u00f6nnen.<\/p>\n\n\n\n<p class=\"wp-block-paragraph\"><strong>Carrer Ver\u00f2nica zeigt, dass Sanierung nicht darin besteht, mehr Elemente hinzuzuf\u00fcgen, sondern Unn\u00f6tiges zu entfernen, den Raum zu ordnen und Licht, Proportionen und Materialien die Atmosph\u00e4re bestimmen zu lassen.<\/strong><\/p>\n\n\n\n<h2 class=\"wp-block-heading\">Den Wert eines Geb\u00e4udes durch Sanierung steigern<\/h2>\n\n\n\n<p class=\"wp-block-paragraph\">Die Sanierung eines Mehrfamilienhauses kann seinen Wert auf mehreren Ebenen steigern:<\/p>\n\n\n\n<ol class=\"wp-block-list\">\n<li class=\"\"><strong>Funktional.<\/strong> Die Wohnungen erhalten bessere Grundrisse, mehr Tageslicht, Stauraum, Bel\u00fcftung und Au\u00dfenbereiche.<\/li>\n\n\n\n<li class=\"\"><strong>Baulich.<\/strong> Die Erneuerung von technischen Anlagen, D\u00e4chern, Fassaden und Tragstrukturen reduziert St\u00f6rungen und Wartungskosten.<\/li>\n\n\n\n<li class=\"\"><strong>Energetisch.<\/strong> Eine bessere D\u00e4mmung, geeignete Fenster und T\u00fcren sowie ein wirksamer Sonnenschutz reduzieren den Energieverbrauch und verbessern den Komfort.<\/li>\n\n\n\n<li class=\"\"><strong>St\u00e4dtebaulich und denkmalbezogen.<\/strong> Die Wiederherstellung einer Fassade und der Erhalt identit\u00e4tsstiftender Elemente verbessern sowohl das Geb\u00e4ude als auch den Stra\u00dfenraum, in dem es steht.<\/li>\n<\/ol>\n\n\n\n<p class=\"wp-block-paragraph\">Dar\u00fcber hinaus entsteht ein kommerzieller Wert. Ein barrierearmes, effizientes und architektonisch stimmiges Geb\u00e4ude ist f\u00fcr K\u00e4ufer, Mieter und Investoren attraktiver.<\/p>\n\n\n\n<p class=\"wp-block-paragraph\"><strong>Der gr\u00f6\u00dfte Wert liegt jedoch in seiner F\u00e4higkeit, dauerhaft zu bestehen.<\/strong> Ein gut saniertes Geb\u00e4ude kann \u00fcber Jahrzehnte genutzt werden und sich an neue Ver\u00e4nderungen anpassen, ohne seine Identit\u00e4t zu verlieren.<\/p>\n\n\n\n<h2 class=\"wp-block-heading\">Eine nachhaltigere Alternative<\/h2>\n\n\n\n<p class=\"wp-block-paragraph\">Sanieren bedeutet, bestehende Strukturen, W\u00e4nde und Materialien weiter zu nutzen.<\/p>\n\n\n\n<p class=\"wp-block-paragraph\">Obwohl jedes Projekt individuell analysiert werden muss, verhindert der Erhalt eines wesentlichen Teils des Geb\u00e4udes, dass Bauteile unn\u00f6tig ersetzt werden, die ihre Funktion weiterhin erf\u00fcllen k\u00f6nnen.<\/p>\n\n\n\n<p class=\"wp-block-paragraph\">Die Sanierung reduziert den Bedarf an der Erschlie\u00dfung neuer Fl\u00e4chen und tr\u00e4gt dazu bei, st\u00e4dtische Zentren lebendig zu halten.<\/p>\n\n\n\n<p class=\"wp-block-paragraph\">Sie verhindert au\u00dferdem, dass vernachl\u00e4ssigte oder untergenutzte Immobilien ihre Wohnfunktion dauerhaft verlieren.<\/p>\n\n\n\n<p class=\"wp-block-paragraph\">Nachhaltigkeit h\u00e4ngt nicht allein vom Einsatz effizienter technischer Systeme ab. Sie bedeutet auch, die Lebensdauer von Geb\u00e4uden zu verl\u00e4ngern, zuk\u00fcnftige Eingriffe zu reduzieren und L\u00f6sungen zu entwickeln, die gut altern k\u00f6nnen.<\/p>\n\n\n\n<p class=\"wp-block-paragraph\"><strong>Langlebige, flexible und einfach zu wartende Architektur ist eine der verantwortungsvollsten Formen von Nachhaltigkeit.<\/strong><\/p>\n\n\n\n<h2 class=\"wp-block-heading\">Ein ganzheitlicher Prozess \u2013 von der Analyse bis zur Ausf\u00fchrung<\/h2>\n\n\n\n<p class=\"wp-block-paragraph\">Die Sanierung eines Mehrfamilienhauses erfordert Koordination und technisches Fachwissen.<\/p>\n\n\n\n<p class=\"wp-block-paragraph\">Der Prozess beginnt mit einer st\u00e4dtebaulichen, strukturellen, konstruktiven und funktionalen Analyse des Geb\u00e4udes. Es muss untersucht werden, was erhalten werden kann, was repariert werden muss und welche Elemente ver\u00e4ndert werden sollten.<\/p>\n\n\n\n<p class=\"wp-block-paragraph\">Auf Grundlage dieser Analyse wird ein Konzept f\u00fcr Grundrisse, Zug\u00e4nge, Innenh\u00f6fe, Terrassen, technische Anlagen und energetisches Verhalten entwickelt.<\/p>\n\n\n\n<p class=\"wp-block-paragraph\">Die Kostensch\u00e4tzung sollte bereits in den fr\u00fchen Planungsphasen ber\u00fccksichtigt werden. Entscheidungen auf Grundlage klarer Kosteninformationen erm\u00f6glichen es, Priorit\u00e4ten zu setzen und Abweichungen w\u00e4hrend der Ausf\u00fchrung zu vermeiden.<\/p>\n\n\n\n<p class=\"wp-block-paragraph\">Auf der Baustelle ist die Koordination zwischen Tragwerk, technischen Anlagen, Fassaden, Innenr\u00e4umen und Landschaftsplanung entscheidend.<\/p>\n\n\n\n<p class=\"wp-block-paragraph\">Eine scheinbar kleine \u00c4nderung kann verschiedene Fachbereiche betreffen. Die \u00d6ffnung eines neuen Durchbruchs beeinflusst die Tragstruktur; eine Terrasse erfordert L\u00f6sungen f\u00fcr Abdichtung und Entw\u00e4sserung; eine K\u00fcche bestimmt die Position von Leitungen und L\u00fcftung.<\/p>\n\n\n\n<p class=\"wp-block-paragraph\"><strong>Eine ganzheitliche Arbeitsweise erm\u00f6glicht es, die Koh\u00e4renz all dieser Entscheidungen zu bewahren und Ergebnis, Zeitplan und Budget besser zu kontrollieren.<\/strong><\/p>\n\n\n\n<h2 class=\"wp-block-heading\">Sanieren, um weiterhin darin zu leben<\/h2>\n\n\n\n<p class=\"wp-block-paragraph\">Die Sanierung von Mehrfamilienh\u00e4usern ist ein wesentliches Instrument, um die Wohnqualit\u00e4t auf Mallorca zu verbessern.<\/p>\n\n\n\n<p class=\"wp-block-paragraph\">Sie erm\u00f6glicht es, bestehende Geb\u00e4ude besser zu nutzen, ihre Wohnkapazit\u00e4t zu erh\u00f6hen, die Barrierefreiheit zu verbessern, technische Anlagen zu modernisieren und Au\u00dfenr\u00e4ume zur\u00fcckzugewinnen.<\/p>\n\n\n\n<p class=\"wp-block-paragraph\">Gleichzeitig bietet sie die M\u00f6glichkeit, Fassaden, Balkone, Innenh\u00f6fe und Materialien zu bewahren, die zur Identit\u00e4t der D\u00f6rfer und St\u00e4dte Mallorcas geh\u00f6ren.<\/p>\n\n\n\n<p class=\"wp-block-paragraph\"><strong>Antoni Maura 69<\/strong> zeigt, wie ein bestehendes Wohnhaus in drei zeitgem\u00e4\u00dfe Wohnungen verwandelt werden kann, ohne seine Beziehung zur Umgebung zu verlieren.<\/p>\n\n\n\n<p class=\"wp-block-paragraph\"><strong>S\u2019H\u00edpica<\/strong> zeigt, wie die Neuorganisation des Erschlie\u00dfungskerns die Fassaden freistellen, die Belichtung verbessern und einem historischen Geb\u00e4ude neues Leben geben kann.<\/p>\n\n\n\n<p class=\"wp-block-paragraph\"><strong>Carrer Ver\u00f2nica<\/strong> zeigt den Wert r\u00e4umlicher Klarheit, von Filtern und nat\u00fcrlichem Licht.<\/p>\n\n\n\n<p class=\"wp-block-paragraph\">In allen F\u00e4llen entsteht Architektur aus pr\u00e4zisen Entscheidungen: ein Treppenhaus zu verschieben, ein Dach zur\u00fcckzugewinnen, sich zu einem Innenhof zu \u00f6ffnen, eine Fassade zu sch\u00fctzen oder Licht in die Mitte des Geb\u00e4udes zu bringen.<\/p>\n\n\n\n<p class=\"wp-block-paragraph\">Ein Mehrfamilienhaus zu sanieren bedeutet nicht einfach, es zu modernisieren.<\/p>\n\n\n\n<p class=\"wp-block-paragraph\">Es bedeutet, eine bestehende Konstruktion in einen Ort zu verwandeln, der besser zum Wohnen geeignet, effizienter, barriere\u00e4rmer und wertvoller ist, ohne auf die Erinnerung zu verzichten, die ihm seine Identit\u00e4t verleiht.<\/p>\n\n\n\n<p class=\"wp-block-paragraph\"><strong>Sanieren bedeutet, aus dem Bestehenden Zukunft zu bauen.<\/strong><\/p>\n","protected":false},"excerpt":{"rendered":"<p>Ein Mehrfamilienhaus auf Mallorca sanieren: Bestehendes neu denken und ihm neues Leben geben Die Sanierung eines Mehrfamilienhauses bedeutet weit mehr, als Oberfl\u00e4chen zu erneuern oder mehrere Wohnungen zu modernisieren. Sie setzt voraus, dass ein bestehendes Geb\u00e4ude analysiert, seine M\u00f6glichkeiten verstanden und seine Struktur neu organisiert wird, um die Lebensqualit\u00e4t der Bewohner zu verbessern, seine Nutzungsdauer [&hellip;]<\/p>\n","protected":false},"author":1,"featured_media":15394,"comment_status":"closed","ping_status":"open","sticky":false,"template":"","format":"gallery","meta":{"_acf_changed":false,"nf_dc_page":"","om_disable_all_campaigns":false,"_monsterinsights_skip_tracking":false,"_jetpack_newsletter_access":"","_jetpack_dont_email_post_to_subs":false,"_jetpack_newsletter_tier_id":0,"_jetpack_memberships_contains_paywalled_content":false,"_jetpack_memberships_contains_paid_content":false,"footnotes":""},"categories":[9],"tags":[],"class_list":["post-15393","post","type-post","status-publish","format-gallery","has-post-thumbnail","hentry","category-nachrichten","post_format-post-format-gallery"],"acf":[],"yoast_head":"<!-- This site is optimized with the Yoast SEO plugin v28.4 - https:\/\/yoast.com\/product\/yoast-seo-wordpress\/ -->\n<title>Sanierung von Mehrfamilienh\u00e4usern auf Mallorca: Sanieren, um mehr Licht, Wert und Zukunft zu gewinnen - Brunet Arquitectes<\/title>\n<meta name=\"robots\" content=\"index, follow, max-snippet:-1, max-image-preview:large, max-video-preview:-1\" \/>\n<link rel=\"canonical\" href=\"https:\/\/brunetarquitectes.com\/de\/sanierung-von-mehrfamilienhaeusern-auf-mallorca-sanieren-um-mehr-licht-wert-und-zukunft-zu-gewinnen\/\" \/>\n<meta property=\"og:locale\" content=\"de_DE\" \/>\n<meta property=\"og:type\" content=\"article\" \/>\n<meta property=\"og:title\" content=\"Sanierung von Mehrfamilienh\u00e4usern auf Mallorca: Sanieren, um mehr Licht, Wert und Zukunft zu gewinnen - Brunet Arquitectes\" \/>\n<meta property=\"og:description\" content=\"Ein Mehrfamilienhaus auf Mallorca sanieren: Bestehendes neu denken und ihm neues Leben geben Die Sanierung eines Mehrfamilienhauses bedeutet weit mehr, als Oberfl\u00e4chen zu erneuern oder mehrere Wohnungen zu modernisieren. Sie setzt voraus, dass ein bestehendes Geb\u00e4ude analysiert, seine M\u00f6glichkeiten verstanden und seine Struktur neu organisiert wird, um die Lebensqualit\u00e4t der Bewohner zu verbessern, seine Nutzungsdauer [&hellip;]\" \/>\n<meta property=\"og:url\" content=\"https:\/\/brunetarquitectes.com\/de\/sanierung-von-mehrfamilienhaeusern-auf-mallorca-sanieren-um-mehr-licht-wert-und-zukunft-zu-gewinnen\/\" \/>\n<meta property=\"og:site_name\" content=\"Brunet Arquitectes\" \/>\n<meta property=\"article:published_time\" content=\"2026-08-27T19:35:13+00:00\" \/>\n<meta property=\"article:modified_time\" content=\"2026-08-27T19:47:29+00:00\" \/>\n<meta property=\"og:image\" content=\"https:\/\/brunetarquitectes.com\/de\/wp-content\/uploads\/sites\/7\/2026\/08\/antoni-maura-03.jpg\" \/>\n\t<meta property=\"og:image:width\" content=\"1920\" \/>\n\t<meta property=\"og:image:height\" content=\"1275\" \/>\n\t<meta property=\"og:image:type\" content=\"image\/jpeg\" \/>\n<meta name=\"author\" content=\"brunetarquitectes\" \/>\n<meta name=\"twitter:card\" content=\"summary_large_image\" \/>\n<meta name=\"twitter:label1\" content=\"Verfasst von\" \/>\n\t<meta name=\"twitter:data1\" content=\"brunetarquitectes\" \/>\n\t<meta name=\"twitter:label2\" content=\"Gesch\u00e4tzte Lesezeit\" \/>\n\t<meta name=\"twitter:data2\" content=\"19\u00a0Minuten\" \/>\n<script type=\"application\/ld+json\" class=\"yoast-schema-graph\">{\"@context\":\"https:\\\/\\\/schema.org\",\"@graph\":[{\"@type\":\"Article\",\"@id\":\"https:\\\/\\\/brunetarquitectes.com\\\/de\\\/sanierung-von-mehrfamilienhaeusern-auf-mallorca-sanieren-um-mehr-licht-wert-und-zukunft-zu-gewinnen\\\/#article\",\"isPartOf\":{\"@id\":\"https:\\\/\\\/brunetarquitectes.com\\\/de\\\/sanierung-von-mehrfamilienhaeusern-auf-mallorca-sanieren-um-mehr-licht-wert-und-zukunft-zu-gewinnen\\\/\"},\"author\":{\"name\":\"brunetarquitectes\",\"@id\":\"https:\\\/\\\/brunetarquitectes.com\\\/de\\\/#\\\/schema\\\/person\\\/336ca338481eba700fc33c841c216c2a\"},\"headline\":\"Sanierung von Mehrfamilienh\u00e4usern auf Mallorca: Sanieren, um mehr Licht, Wert und Zukunft zu gewinnen\",\"datePublished\":\"2026-08-27T19:35:13+00:00\",\"dateModified\":\"2026-08-27T19:47:29+00:00\",\"mainEntityOfPage\":{\"@id\":\"https:\\\/\\\/brunetarquitectes.com\\\/de\\\/sanierung-von-mehrfamilienhaeusern-auf-mallorca-sanieren-um-mehr-licht-wert-und-zukunft-zu-gewinnen\\\/\"},\"wordCount\":3440,\"image\":{\"@id\":\"https:\\\/\\\/brunetarquitectes.com\\\/de\\\/sanierung-von-mehrfamilienhaeusern-auf-mallorca-sanieren-um-mehr-licht-wert-und-zukunft-zu-gewinnen\\\/#primaryimage\"},\"thumbnailUrl\":\"https:\\\/\\\/i0.wp.com\\\/brunetarquitectes.com\\\/de\\\/wp-content\\\/uploads\\\/sites\\\/7\\\/2026\\\/08\\\/antoni-maura-03.jpg?fit=1920%2C1275&ssl=1\",\"articleSection\":[\"Nachrichten\"],\"inLanguage\":\"de\"},{\"@type\":\"WebPage\",\"@id\":\"https:\\\/\\\/brunetarquitectes.com\\\/de\\\/sanierung-von-mehrfamilienhaeusern-auf-mallorca-sanieren-um-mehr-licht-wert-und-zukunft-zu-gewinnen\\\/\",\"url\":\"https:\\\/\\\/brunetarquitectes.com\\\/de\\\/sanierung-von-mehrfamilienhaeusern-auf-mallorca-sanieren-um-mehr-licht-wert-und-zukunft-zu-gewinnen\\\/\",\"name\":\"Sanierung von Mehrfamilienh\u00e4usern auf Mallorca: Sanieren, um mehr Licht, Wert und Zukunft zu gewinnen - Brunet Arquitectes\",\"isPartOf\":{\"@id\":\"https:\\\/\\\/brunetarquitectes.com\\\/de\\\/#website\"},\"primaryImageOfPage\":{\"@id\":\"https:\\\/\\\/brunetarquitectes.com\\\/de\\\/sanierung-von-mehrfamilienhaeusern-auf-mallorca-sanieren-um-mehr-licht-wert-und-zukunft-zu-gewinnen\\\/#primaryimage\"},\"image\":{\"@id\":\"https:\\\/\\\/brunetarquitectes.com\\\/de\\\/sanierung-von-mehrfamilienhaeusern-auf-mallorca-sanieren-um-mehr-licht-wert-und-zukunft-zu-gewinnen\\\/#primaryimage\"},\"thumbnailUrl\":\"https:\\\/\\\/i0.wp.com\\\/brunetarquitectes.com\\\/de\\\/wp-content\\\/uploads\\\/sites\\\/7\\\/2026\\\/08\\\/antoni-maura-03.jpg?fit=1920%2C1275&ssl=1\",\"datePublished\":\"2026-08-27T19:35:13+00:00\",\"dateModified\":\"2026-08-27T19:47:29+00:00\",\"author\":{\"@id\":\"https:\\\/\\\/brunetarquitectes.com\\\/de\\\/#\\\/schema\\\/person\\\/336ca338481eba700fc33c841c216c2a\"},\"breadcrumb\":{\"@id\":\"https:\\\/\\\/brunetarquitectes.com\\\/de\\\/sanierung-von-mehrfamilienhaeusern-auf-mallorca-sanieren-um-mehr-licht-wert-und-zukunft-zu-gewinnen\\\/#breadcrumb\"},\"inLanguage\":\"de\",\"potentialAction\":[{\"@type\":\"ReadAction\",\"target\":[\"https:\\\/\\\/brunetarquitectes.com\\\/de\\\/sanierung-von-mehrfamilienhaeusern-auf-mallorca-sanieren-um-mehr-licht-wert-und-zukunft-zu-gewinnen\\\/\"]}]},{\"@type\":\"ImageObject\",\"inLanguage\":\"de\",\"@id\":\"https:\\\/\\\/brunetarquitectes.com\\\/de\\\/sanierung-von-mehrfamilienhaeusern-auf-mallorca-sanieren-um-mehr-licht-wert-und-zukunft-zu-gewinnen\\\/#primaryimage\",\"url\":\"https:\\\/\\\/i0.wp.com\\\/brunetarquitectes.com\\\/de\\\/wp-content\\\/uploads\\\/sites\\\/7\\\/2026\\\/08\\\/antoni-maura-03.jpg?fit=1920%2C1275&ssl=1\",\"contentUrl\":\"https:\\\/\\\/i0.wp.com\\\/brunetarquitectes.com\\\/de\\\/wp-content\\\/uploads\\\/sites\\\/7\\\/2026\\\/08\\\/antoni-maura-03.jpg?fit=1920%2C1275&ssl=1\",\"width\":1920,\"height\":1275},{\"@type\":\"BreadcrumbList\",\"@id\":\"https:\\\/\\\/brunetarquitectes.com\\\/de\\\/sanierung-von-mehrfamilienhaeusern-auf-mallorca-sanieren-um-mehr-licht-wert-und-zukunft-zu-gewinnen\\\/#breadcrumb\",\"itemListElement\":[{\"@type\":\"ListItem\",\"position\":1,\"name\":\"Home\",\"item\":\"https:\\\/\\\/brunetarquitectes.com\\\/de\\\/\"},{\"@type\":\"ListItem\",\"position\":2,\"name\":\"Sanierung von Mehrfamilienh\u00e4usern auf Mallorca: Sanieren, um mehr Licht, Wert und Zukunft zu gewinnen\"}]},{\"@type\":\"WebSite\",\"@id\":\"https:\\\/\\\/brunetarquitectes.com\\\/de\\\/#website\",\"url\":\"https:\\\/\\\/brunetarquitectes.com\\\/de\\\/\",\"name\":\"Brunet Arquitectes\",\"description\":\"Brunet Arquitectes\",\"potentialAction\":[{\"@type\":\"SearchAction\",\"target\":{\"@type\":\"EntryPoint\",\"urlTemplate\":\"https:\\\/\\\/brunetarquitectes.com\\\/de\\\/?s={search_term_string}\"},\"query-input\":{\"@type\":\"PropertyValueSpecification\",\"valueRequired\":true,\"valueName\":\"search_term_string\"}}],\"inLanguage\":\"de\"},{\"@type\":\"Person\",\"@id\":\"https:\\\/\\\/brunetarquitectes.com\\\/de\\\/#\\\/schema\\\/person\\\/336ca338481eba700fc33c841c216c2a\",\"name\":\"brunetarquitectes\",\"image\":{\"@type\":\"ImageObject\",\"inLanguage\":\"de\",\"@id\":\"https:\\\/\\\/secure.gravatar.com\\\/avatar\\\/ed1cc2cb017f3d7303b41c731bc7a86a2db8a68d5776f293a85bb053df313d31?s=96&d=mm&r=g\",\"url\":\"https:\\\/\\\/secure.gravatar.com\\\/avatar\\\/ed1cc2cb017f3d7303b41c731bc7a86a2db8a68d5776f293a85bb053df313d31?s=96&d=mm&r=g\",\"contentUrl\":\"https:\\\/\\\/secure.gravatar.com\\\/avatar\\\/ed1cc2cb017f3d7303b41c731bc7a86a2db8a68d5776f293a85bb053df313d31?s=96&d=mm&r=g\",\"caption\":\"brunetarquitectes\"},\"url\":\"https:\\\/\\\/brunetarquitectes.com\\\/de\\\/author\\\/brunetarquitectes\\\/\"}]}<\/script>\n<!-- \/ Yoast SEO plugin. -->","yoast_head_json":{"title":"Sanierung von Mehrfamilienh\u00e4usern auf Mallorca: Sanieren, um mehr Licht, Wert und Zukunft zu gewinnen - Brunet Arquitectes","robots":{"index":"index","follow":"follow","max-snippet":"max-snippet:-1","max-image-preview":"max-image-preview:large","max-video-preview":"max-video-preview:-1"},"canonical":"https:\/\/brunetarquitectes.com\/de\/sanierung-von-mehrfamilienhaeusern-auf-mallorca-sanieren-um-mehr-licht-wert-und-zukunft-zu-gewinnen\/","og_locale":"de_DE","og_type":"article","og_title":"Sanierung von Mehrfamilienh\u00e4usern auf Mallorca: Sanieren, um mehr Licht, Wert und Zukunft zu gewinnen - Brunet Arquitectes","og_description":"Ein Mehrfamilienhaus auf Mallorca sanieren: Bestehendes neu denken und ihm neues Leben geben Die Sanierung eines Mehrfamilienhauses bedeutet weit mehr, als Oberfl\u00e4chen zu erneuern oder mehrere Wohnungen zu modernisieren. Sie setzt voraus, dass ein bestehendes Geb\u00e4ude analysiert, seine M\u00f6glichkeiten verstanden und seine Struktur neu organisiert wird, um die Lebensqualit\u00e4t der Bewohner zu verbessern, seine Nutzungsdauer [&hellip;]","og_url":"https:\/\/brunetarquitectes.com\/de\/sanierung-von-mehrfamilienhaeusern-auf-mallorca-sanieren-um-mehr-licht-wert-und-zukunft-zu-gewinnen\/","og_site_name":"Brunet Arquitectes","article_published_time":"2026-08-27T19:35:13+00:00","article_modified_time":"2026-08-27T19:47:29+00:00","og_image":[{"width":1920,"height":1275,"url":"https:\/\/brunetarquitectes.com\/de\/wp-content\/uploads\/sites\/7\/2026\/08\/antoni-maura-03.jpg","type":"image\/jpeg"}],"author":"brunetarquitectes","twitter_card":"summary_large_image","twitter_misc":{"Verfasst von":"brunetarquitectes","Gesch\u00e4tzte Lesezeit":"19\u00a0Minuten"},"schema":{"@context":"https:\/\/schema.org","@graph":[{"@type":"Article","@id":"https:\/\/brunetarquitectes.com\/de\/sanierung-von-mehrfamilienhaeusern-auf-mallorca-sanieren-um-mehr-licht-wert-und-zukunft-zu-gewinnen\/#article","isPartOf":{"@id":"https:\/\/brunetarquitectes.com\/de\/sanierung-von-mehrfamilienhaeusern-auf-mallorca-sanieren-um-mehr-licht-wert-und-zukunft-zu-gewinnen\/"},"author":{"name":"brunetarquitectes","@id":"https:\/\/brunetarquitectes.com\/de\/#\/schema\/person\/336ca338481eba700fc33c841c216c2a"},"headline":"Sanierung von Mehrfamilienh\u00e4usern auf Mallorca: Sanieren, um mehr Licht, Wert und Zukunft zu gewinnen","datePublished":"2026-08-27T19:35:13+00:00","dateModified":"2026-08-27T19:47:29+00:00","mainEntityOfPage":{"@id":"https:\/\/brunetarquitectes.com\/de\/sanierung-von-mehrfamilienhaeusern-auf-mallorca-sanieren-um-mehr-licht-wert-und-zukunft-zu-gewinnen\/"},"wordCount":3440,"image":{"@id":"https:\/\/brunetarquitectes.com\/de\/sanierung-von-mehrfamilienhaeusern-auf-mallorca-sanieren-um-mehr-licht-wert-und-zukunft-zu-gewinnen\/#primaryimage"},"thumbnailUrl":"https:\/\/i0.wp.com\/brunetarquitectes.com\/de\/wp-content\/uploads\/sites\/7\/2026\/08\/antoni-maura-03.jpg?fit=1920%2C1275&ssl=1","articleSection":["Nachrichten"],"inLanguage":"de"},{"@type":"WebPage","@id":"https:\/\/brunetarquitectes.com\/de\/sanierung-von-mehrfamilienhaeusern-auf-mallorca-sanieren-um-mehr-licht-wert-und-zukunft-zu-gewinnen\/","url":"https:\/\/brunetarquitectes.com\/de\/sanierung-von-mehrfamilienhaeusern-auf-mallorca-sanieren-um-mehr-licht-wert-und-zukunft-zu-gewinnen\/","name":"Sanierung von Mehrfamilienh\u00e4usern auf Mallorca: Sanieren, um mehr Licht, Wert und Zukunft zu gewinnen - Brunet Arquitectes","isPartOf":{"@id":"https:\/\/brunetarquitectes.com\/de\/#website"},"primaryImageOfPage":{"@id":"https:\/\/brunetarquitectes.com\/de\/sanierung-von-mehrfamilienhaeusern-auf-mallorca-sanieren-um-mehr-licht-wert-und-zukunft-zu-gewinnen\/#primaryimage"},"image":{"@id":"https:\/\/brunetarquitectes.com\/de\/sanierung-von-mehrfamilienhaeusern-auf-mallorca-sanieren-um-mehr-licht-wert-und-zukunft-zu-gewinnen\/#primaryimage"},"thumbnailUrl":"https:\/\/i0.wp.com\/brunetarquitectes.com\/de\/wp-content\/uploads\/sites\/7\/2026\/08\/antoni-maura-03.jpg?fit=1920%2C1275&ssl=1","datePublished":"2026-08-27T19:35:13+00:00","dateModified":"2026-08-27T19:47:29+00:00","author":{"@id":"https:\/\/brunetarquitectes.com\/de\/#\/schema\/person\/336ca338481eba700fc33c841c216c2a"},"breadcrumb":{"@id":"https:\/\/brunetarquitectes.com\/de\/sanierung-von-mehrfamilienhaeusern-auf-mallorca-sanieren-um-mehr-licht-wert-und-zukunft-zu-gewinnen\/#breadcrumb"},"inLanguage":"de","potentialAction":[{"@type":"ReadAction","target":["https:\/\/brunetarquitectes.com\/de\/sanierung-von-mehrfamilienhaeusern-auf-mallorca-sanieren-um-mehr-licht-wert-und-zukunft-zu-gewinnen\/"]}]},{"@type":"ImageObject","inLanguage":"de","@id":"https:\/\/brunetarquitectes.com\/de\/sanierung-von-mehrfamilienhaeusern-auf-mallorca-sanieren-um-mehr-licht-wert-und-zukunft-zu-gewinnen\/#primaryimage","url":"https:\/\/i0.wp.com\/brunetarquitectes.com\/de\/wp-content\/uploads\/sites\/7\/2026\/08\/antoni-maura-03.jpg?fit=1920%2C1275&ssl=1","contentUrl":"https:\/\/i0.wp.com\/brunetarquitectes.com\/de\/wp-content\/uploads\/sites\/7\/2026\/08\/antoni-maura-03.jpg?fit=1920%2C1275&ssl=1","width":1920,"height":1275},{"@type":"BreadcrumbList","@id":"https:\/\/brunetarquitectes.com\/de\/sanierung-von-mehrfamilienhaeusern-auf-mallorca-sanieren-um-mehr-licht-wert-und-zukunft-zu-gewinnen\/#breadcrumb","itemListElement":[{"@type":"ListItem","position":1,"name":"Home","item":"https:\/\/brunetarquitectes.com\/de\/"},{"@type":"ListItem","position":2,"name":"Sanierung von Mehrfamilienh\u00e4usern auf Mallorca: Sanieren, um mehr Licht, Wert und Zukunft zu gewinnen"}]},{"@type":"WebSite","@id":"https:\/\/brunetarquitectes.com\/de\/#website","url":"https:\/\/brunetarquitectes.com\/de\/","name":"Brunet Arquitectes","description":"Brunet Arquitectes","potentialAction":[{"@type":"SearchAction","target":{"@type":"EntryPoint","urlTemplate":"https:\/\/brunetarquitectes.com\/de\/?s={search_term_string}"},"query-input":{"@type":"PropertyValueSpecification","valueRequired":true,"valueName":"search_term_string"}}],"inLanguage":"de"},{"@type":"Person","@id":"https:\/\/brunetarquitectes.com\/de\/#\/schema\/person\/336ca338481eba700fc33c841c216c2a","name":"brunetarquitectes","image":{"@type":"ImageObject","inLanguage":"de","@id":"https:\/\/secure.gravatar.com\/avatar\/ed1cc2cb017f3d7303b41c731bc7a86a2db8a68d5776f293a85bb053df313d31?s=96&d=mm&r=g","url":"https:\/\/secure.gravatar.com\/avatar\/ed1cc2cb017f3d7303b41c731bc7a86a2db8a68d5776f293a85bb053df313d31?s=96&d=mm&r=g","contentUrl":"https:\/\/secure.gravatar.com\/avatar\/ed1cc2cb017f3d7303b41c731bc7a86a2db8a68d5776f293a85bb053df313d31?s=96&d=mm&r=g","caption":"brunetarquitectes"},"url":"https:\/\/brunetarquitectes.com\/de\/author\/brunetarquitectes\/"}]}},"jetpack-related-posts":[{"id":2801,"url":"https:\/\/brunetarquitectes.com\/de\/coaib-architekturpreise-awards-mallorca\/","url_meta":{"origin":15393,"position":0},"title":"COAIB Architekturpreise Mallorca 2011 &#8211; 2012 &#8211; 2013","author":"brunetarquitectes","date":"Dezember 14, 2022","format":"gallery","excerpt":"Wir wurden bei den Architekturpreisen von Mallorca 2011, 2012 und 2013 des Offiziellen Architektenkollegiums der Balearen in den Bereichen Einfamilienh\u00e4user, Mehrfamilienh\u00e4user und Ma\u00dfnahmen in bestehenden Geb\u00e4uden als eines der besten Bauwerke ausgew\u00e4hlt.","rel":"","context":"In &quot;Architektur&quot;","block_context":{"text":"Architektur","link":"https:\/\/brunetarquitectes.com\/de\/category\/architektur\/"},"img":{"alt_text":"","src":"https:\/\/i0.wp.com\/brunetarquitectes.com\/de\/wp-content\/uploads\/sites\/7\/2022\/12\/premios-coaib-arquitectura.jpg?fit=1200%2C1024&ssl=1&resize=350%2C200","width":350,"height":200,"srcset":"https:\/\/i0.wp.com\/brunetarquitectes.com\/de\/wp-content\/uploads\/sites\/7\/2022\/12\/premios-coaib-arquitectura.jpg?fit=1200%2C1024&ssl=1&resize=350%2C200 1x, https:\/\/i0.wp.com\/brunetarquitectes.com\/de\/wp-content\/uploads\/sites\/7\/2022\/12\/premios-coaib-arquitectura.jpg?fit=1200%2C1024&ssl=1&resize=525%2C300 1.5x, https:\/\/i0.wp.com\/brunetarquitectes.com\/de\/wp-content\/uploads\/sites\/7\/2022\/12\/premios-coaib-arquitectura.jpg?fit=1200%2C1024&ssl=1&resize=700%2C400 2x, https:\/\/i0.wp.com\/brunetarquitectes.com\/de\/wp-content\/uploads\/sites\/7\/2022\/12\/premios-coaib-arquitectura.jpg?fit=1200%2C1024&ssl=1&resize=1050%2C600 3x"},"classes":[]},{"id":15304,"url":"https:\/\/brunetarquitectes.com\/de\/reformen-auf-mallorca-mit-mehrwert-wie-man-ein-einfamilienhaus-transformiert-und-den-wert-einer-immobilie-steigert\/","url_meta":{"origin":15393,"position":1},"title":"Reformen auf Mallorca mit Mehrwert: Wie man ein Einfamilienhaus transformiert und den Wert einer Immobilie steigert","author":"brunetarquitectes","date":"Juni 23, 2026","format":"gallery","excerpt":"Ein Haus auf Mallorca zu renovieren bedeutet weit mehr, als lediglich R\u00e4ume zu modernisieren. Es bedeutet, die Essenz eines Hauses wiederzuentdecken, es an neue Lebensweisen anzupassen und in eine wertvollere, komfortablere und nachhaltigere Immobilie zu verwandeln. Auf Mallorca kann eine durchdachte Renovierung das Leben eines Hauses grundlegend ver\u00e4ndern. Nicht nur\u2026","rel":"","context":"In &quot;Nachrichten&quot;","block_context":{"text":"Nachrichten","link":"https:\/\/brunetarquitectes.com\/de\/category\/nachrichten\/"},"img":{"alt_text":"","src":"https:\/\/i0.wp.com\/brunetarquitectes.com\/de\/wp-content\/uploads\/sites\/7\/2026\/06\/renovations-in-mallorca.jpg?fit=1200%2C800&ssl=1&resize=350%2C200","width":350,"height":200,"srcset":"https:\/\/i0.wp.com\/brunetarquitectes.com\/de\/wp-content\/uploads\/sites\/7\/2026\/06\/renovations-in-mallorca.jpg?fit=1200%2C800&ssl=1&resize=350%2C200 1x, https:\/\/i0.wp.com\/brunetarquitectes.com\/de\/wp-content\/uploads\/sites\/7\/2026\/06\/renovations-in-mallorca.jpg?fit=1200%2C800&ssl=1&resize=525%2C300 1.5x, https:\/\/i0.wp.com\/brunetarquitectes.com\/de\/wp-content\/uploads\/sites\/7\/2026\/06\/renovations-in-mallorca.jpg?fit=1200%2C800&ssl=1&resize=700%2C400 2x, https:\/\/i0.wp.com\/brunetarquitectes.com\/de\/wp-content\/uploads\/sites\/7\/2026\/06\/renovations-in-mallorca.jpg?fit=1200%2C800&ssl=1&resize=1050%2C600 3x"},"classes":[]},{"id":14780,"url":"https:\/\/brunetarquitectes.com\/de\/projektmanagement-mallorca-architekten\/","url_meta":{"origin":15393,"position":2},"title":"Project Management Mallorca: Ganzheitliches Projektmanagement f\u00fcr Architektur\u00a0","author":"brunetarquitectes","date":"Juni 24, 2025","format":"gallery","excerpt":"Experten f\u00fcr Bauleitung, Luxuswohnprojekte, Renovierungen und nachhaltiges Bauen auf Mallorca\u00a0 Wenn es darum geht, ein Architekturprojekt auf Mallorca zu realisieren, ist Brunet Lloren\u00e7 Arquitectes die perfekte Kombination aus lokalem Know-how, technischer Exzellenz und \u00e4sthetischem Feingef\u00fchl. Das Architekturb\u00fcro hat sich als eines der zuverl\u00e4ssigsten der Insel etabliert, dank seiner F\u00e4higkeit, komplexe\u2026","rel":"","context":"In &quot;Nachrichten&quot;","block_context":{"text":"Nachrichten","link":"https:\/\/brunetarquitectes.com\/de\/category\/nachrichten\/"},"img":{"alt_text":"","src":"https:\/\/i0.wp.com\/brunetarquitectes.com\/de\/wp-content\/uploads\/sites\/7\/2025\/06\/project-management-mallorca-architects-01.jpg?fit=1200%2C751&ssl=1&resize=350%2C200","width":350,"height":200,"srcset":"https:\/\/i0.wp.com\/brunetarquitectes.com\/de\/wp-content\/uploads\/sites\/7\/2025\/06\/project-management-mallorca-architects-01.jpg?fit=1200%2C751&ssl=1&resize=350%2C200 1x, https:\/\/i0.wp.com\/brunetarquitectes.com\/de\/wp-content\/uploads\/sites\/7\/2025\/06\/project-management-mallorca-architects-01.jpg?fit=1200%2C751&ssl=1&resize=525%2C300 1.5x, https:\/\/i0.wp.com\/brunetarquitectes.com\/de\/wp-content\/uploads\/sites\/7\/2025\/06\/project-management-mallorca-architects-01.jpg?fit=1200%2C751&ssl=1&resize=700%2C400 2x, https:\/\/i0.wp.com\/brunetarquitectes.com\/de\/wp-content\/uploads\/sites\/7\/2025\/06\/project-management-mallorca-architects-01.jpg?fit=1200%2C751&ssl=1&resize=1050%2C600 3x"},"classes":[]},{"id":15337,"url":"https:\/\/brunetarquitectes.com\/de\/brunet-arquitecten-30-jahre-architektur-mit-seele-aus-mallorca\/","url_meta":{"origin":15393,"position":3},"title":"Brunet Arquitecten: 30 Jahre Architektur mit Seele aus Mallorca","author":"brunetarquitectes","date":"Juli 14, 2026","format":"gallery","excerpt":"Manche Karrieren entstehen Projekt f\u00fcr Projekt, andere beginnen mit einer besonderen Art, die Welt zu betrachten. Die Geschichte von Brunet Arquitectes vereint beides: drei Jahrzehnte Berufserfahrung und eine architektonische Vision, die auf Respekt vor dem Ort, technischer Pr\u00e4zision, hoher Bauqualit\u00e4t und dem Anspruch basiert, R\u00e4ume zu schaffen, die das Leben\u2026","rel":"","context":"In &quot;Nachrichten&quot;","block_context":{"text":"Nachrichten","link":"https:\/\/brunetarquitectes.com\/de\/category\/nachrichten\/"},"img":{"alt_text":"","src":"https:\/\/i0.wp.com\/brunetarquitectes.com\/de\/wp-content\/uploads\/sites\/7\/2026\/07\/Brunet_30_aniversario_slider_DE.jpg?fit=1200%2C672&ssl=1&resize=350%2C200","width":350,"height":200,"srcset":"https:\/\/i0.wp.com\/brunetarquitectes.com\/de\/wp-content\/uploads\/sites\/7\/2026\/07\/Brunet_30_aniversario_slider_DE.jpg?fit=1200%2C672&ssl=1&resize=350%2C200 1x, https:\/\/i0.wp.com\/brunetarquitectes.com\/de\/wp-content\/uploads\/sites\/7\/2026\/07\/Brunet_30_aniversario_slider_DE.jpg?fit=1200%2C672&ssl=1&resize=525%2C300 1.5x, https:\/\/i0.wp.com\/brunetarquitectes.com\/de\/wp-content\/uploads\/sites\/7\/2026\/07\/Brunet_30_aniversario_slider_DE.jpg?fit=1200%2C672&ssl=1&resize=700%2C400 2x, https:\/\/i0.wp.com\/brunetarquitectes.com\/de\/wp-content\/uploads\/sites\/7\/2026\/07\/Brunet_30_aniversario_slider_DE.jpg?fit=1200%2C672&ssl=1&resize=1050%2C600 3x"},"classes":[]},{"id":15154,"url":"https:\/\/brunetarquitectes.com\/de\/innenarchitektur-auf-mallorca-die-bei-der-architektur-beginnt-und-mit-der-schluesseluebergabe-endet\/","url_meta":{"origin":15393,"position":4},"title":"Innenarchitektur auf Mallorca, die bei der Architektur beginnt und mit der Schl\u00fcssel\u00fcbergabe endet.","author":"brunetarquitectes","date":"Februar 23, 2026","format":"gallery","excerpt":"Auf Mallorca kann Innenarchitektur nicht mehr als letzte Schicht betrachtet werden. Bei Neubauvillen, umfassenden Sanierungen und anspruchsvollen Renovierungen ist Innenarchitektur der rote Faden, der Proportionen, Wegef\u00fchrung, Licht, Materialien, M\u00f6blierung und konstruktive Details ordnet. Wenn so gearbeitet wird, wird das Haus nicht einfach \u201edekoriert\u201c, sondern vollst\u00e4ndig gestaltet \u2013 vom ersten Plan\u2026","rel":"","context":"In &quot;Nachrichten&quot;","block_context":{"text":"Nachrichten","link":"https:\/\/brunetarquitectes.com\/de\/category\/nachrichten\/"},"img":{"alt_text":"","src":"https:\/\/i0.wp.com\/brunetarquitectes.com\/wp-content\/uploads\/2025\/12\/interior-design-in-mallorca-starts-with-architecture-02-1-1024x576.jpg?resize=350%2C200&ssl=1","width":350,"height":200,"srcset":"https:\/\/i0.wp.com\/brunetarquitectes.com\/wp-content\/uploads\/2025\/12\/interior-design-in-mallorca-starts-with-architecture-02-1-1024x576.jpg?resize=350%2C200&ssl=1 1x, https:\/\/i0.wp.com\/brunetarquitectes.com\/wp-content\/uploads\/2025\/12\/interior-design-in-mallorca-starts-with-architecture-02-1-1024x576.jpg?resize=525%2C300&ssl=1 1.5x, https:\/\/i0.wp.com\/brunetarquitectes.com\/wp-content\/uploads\/2025\/12\/interior-design-in-mallorca-starts-with-architecture-02-1-1024x576.jpg?resize=700%2C400&ssl=1 2x"},"classes":[]},{"id":14847,"url":"https:\/\/brunetarquitectes.com\/de\/luxusvillen-und-passivhaus-haeuser-auf-mallorca\/","url_meta":{"origin":15393,"position":5},"title":"Brunet Arquitectos: Experten f\u00fcr Luxusvillen und PASSIVHAUS-H\u00e4user auf Mallorca","author":"brunetarquitectes","date":"Juli 15, 2025","format":"gallery","excerpt":"Bewusstes Design, Komfort und Effizienz als Markenzeichen des Studios\u00a0 Besser leben und dabei weniger ausgeben: die neue nachhaltige Architektur auf Mallorca\u00a0 In einer Welt, in der jede architektonische Entscheidung \u00f6kologische, energetische und wirtschaftliche Auswirkungen hat, ist der PASSIVHAUS-Standard nicht nur ein Trend \u2013 er ist eine intelligentere, ges\u00fcndere und bewusstere\u2026","rel":"","context":"In &quot;Nachrichten&quot;","block_context":{"text":"Nachrichten","link":"https:\/\/brunetarquitectes.com\/de\/category\/nachrichten\/"},"img":{"alt_text":"","src":"https:\/\/i0.wp.com\/brunetarquitectes.com\/de\/wp-content\/uploads\/sites\/7\/2025\/07\/news-01.jpg?fit=1200%2C676&ssl=1&resize=350%2C200","width":350,"height":200,"srcset":"https:\/\/i0.wp.com\/brunetarquitectes.com\/de\/wp-content\/uploads\/sites\/7\/2025\/07\/news-01.jpg?fit=1200%2C676&ssl=1&resize=350%2C200 1x, https:\/\/i0.wp.com\/brunetarquitectes.com\/de\/wp-content\/uploads\/sites\/7\/2025\/07\/news-01.jpg?fit=1200%2C676&ssl=1&resize=525%2C300 1.5x, https:\/\/i0.wp.com\/brunetarquitectes.com\/de\/wp-content\/uploads\/sites\/7\/2025\/07\/news-01.jpg?fit=1200%2C676&ssl=1&resize=700%2C400 2x, https:\/\/i0.wp.com\/brunetarquitectes.com\/de\/wp-content\/uploads\/sites\/7\/2025\/07\/news-01.jpg?fit=1200%2C676&ssl=1&resize=1050%2C600 3x"},"classes":[]}],"jetpack_sharing_enabled":true,"jetpack_featured_media_url":"https:\/\/i0.wp.com\/brunetarquitectes.com\/de\/wp-content\/uploads\/sites\/7\/2026\/08\/antoni-maura-03.jpg?fit=1920%2C1275&ssl=1","_links":{"self":[{"href":"https:\/\/brunetarquitectes.com\/de\/wp-json\/wp\/v2\/posts\/15393","targetHints":{"allow":["GET"]}}],"collection":[{"href":"https:\/\/brunetarquitectes.com\/de\/wp-json\/wp\/v2\/posts"}],"about":[{"href":"https:\/\/brunetarquitectes.com\/de\/wp-json\/wp\/v2\/types\/post"}],"author":[{"embeddable":true,"href":"https:\/\/brunetarquitectes.com\/de\/wp-json\/wp\/v2\/users\/1"}],"replies":[{"embeddable":true,"href":"https:\/\/brunetarquitectes.com\/de\/wp-json\/wp\/v2\/comments?post=15393"}],"version-history":[{"count":2,"href":"https:\/\/brunetarquitectes.com\/de\/wp-json\/wp\/v2\/posts\/15393\/revisions"}],"predecessor-version":[{"id":15397,"href":"https:\/\/brunetarquitectes.com\/de\/wp-json\/wp\/v2\/posts\/15393\/revisions\/15397"}],"wp:featuredmedia":[{"embeddable":true,"href":"https:\/\/brunetarquitectes.com\/de\/wp-json\/wp\/v2\/media\/15394"}],"wp:attachment":[{"href":"https:\/\/brunetarquitectes.com\/de\/wp-json\/wp\/v2\/media?parent=15393"}],"wp:term":[{"taxonomy":"category","embeddable":true,"href":"https:\/\/brunetarquitectes.com\/de\/wp-json\/wp\/v2\/categories?post=15393"},{"taxonomy":"post_tag","embeddable":true,"href":"https:\/\/brunetarquitectes.com\/de\/wp-json\/wp\/v2\/tags?post=15393"}],"curies":[{"name":"wp","href":"https:\/\/api.w.org\/{rel}","templated":true}]}}